{"id":164354,"date":"2020-04-16T14:39:46","date_gmt":"2020-04-16T17:39:46","guid":{"rendered":"http:\/\/www.caririemacao.com\/1\/?p=164354"},"modified":"2020-04-16T14:40:43","modified_gmt":"2020-04-16T17:40:43","slug":"prefeitura-de-caraubas-emite-nota-esclarecendo-fake-news","status":"publish","type":"post","link":"https:\/\/www.caririemacao.com\/1\/2020\/04\/16\/prefeitura-de-caraubas-emite-nota-esclarecendo-fake-news\/","title":{"rendered":"Cara\u00fabas: Secretaria de Sa\u00fade emite nota esclarecendo Fake News"},"content":{"rendered":"\n<p>A Secretaria Municipal da Sa\u00fade do munic\u00edpio de Cara\u00fabas vem de p\u00fablico esclarecer que todos os dados oficiais sobre a Pandemia do Coronav\u00edrus est\u00e3o sendo monitorados e acompanhados pela Secretaria da Sa\u00fade atrav\u00e9s da Coordena\u00e7\u00e3o da Vigil\u00e2ncia em Sa\u00fade. <\/p>\n\n\n\n<p>Os casos por ventura, suspeitos, notificados ou confirmados ser\u00e3o divulgados pelo \u00f3rg\u00e3o respons\u00e1vel do munic\u00edpio e levado ao conhecimento das autoridades e da sociedade, ficando desautorizadas pessoas e entidades a divulgarem not\u00edcias que n\u00e3o sejam de sua compet\u00eancia. Esclarecemos que uma das profissionais integrantes da equipe da sa\u00fade do munic\u00edpio, testou negativo para o COVID &#8211; 19. Lamentamos que pessoas desautorizadas tenham divulgado inverdades sobre o estado de sa\u00fade da profissional.<\/p>\n","protected":false},"excerpt":{"rendered":"<p>A Secretaria Municipal da Sa\u00fade do munic\u00edpio de Cara\u00fabas vem de p\u00fablico esclarecer que todos os dados oficiais sobre a Pandemia do Coronav\u00edrus est\u00e3o sendo&hellip; <\/p>\n","protected":false},"author":1,"featured_media":164355,"comment_status":"closed","ping_status":"closed","sticky":false,"template":"","format":"standard","meta":{"sfsi_plus_gutenberg_text_before_share":"","sfsi_plus_gutenberg_show_text_before_share":"","sfsi_plus_gutenberg_icon_type":"","sfsi_plus_gutenberg_icon_alignemt":"","sfsi_plus_gutenburg_max_per_row":"","footnotes":""},"categories":[6,50],"tags":[],"class_list":["post-164354","post","type-post","status-publish","format-standard","has-post-thumbnail","hentry","category-cidades","category-destaque"],"_links":{"self":[{"href":"https:\/\/www.caririemacao.com\/1\/wp-json\/wp\/v2\/posts\/164354","targetHints":{"allow":["GET"]}}],"collection":[{"href":"https:\/\/www.caririemacao.com\/1\/wp-json\/wp\/v2\/posts"}],"about":[{"href":"https:\/\/www.caririemacao.com\/1\/wp-json\/wp\/v2\/types\/post"}],"author":[{"embeddable":true,"href":"https:\/\/www.caririemacao.com\/1\/wp-json\/wp\/v2\/users\/1"}],"replies":[{"embeddable":true,"href":"https:\/\/www.caririemacao.com\/1\/wp-json\/wp\/v2\/comments?post=164354"}],"version-history":[{"count":2,"href":"https:\/\/www.caririemacao.com\/1\/wp-json\/wp\/v2\/posts\/164354\/revisions"}],"predecessor-version":[{"id":164357,"href":"https:\/\/www.caririemacao.com\/1\/wp-json\/wp\/v2\/posts\/164354\/revisions\/164357"}],"wp:featuredmedia":[{"embeddable":true,"href":"https:\/\/www.caririemacao.com\/1\/wp-json\/wp\/v2\/media\/164355"}],"wp:attachment":[{"href":"https:\/\/www.caririemacao.com\/1\/wp-json\/wp\/v2\/media?parent=164354"}],"wp:term":[{"taxonomy":"category","embeddable":true,"href":"https:\/\/www.caririemacao.com\/1\/wp-json\/wp\/v2\/categories?post=164354"},{"taxonomy":"post_tag","embeddable":true,"href":"https:\/\/www.caririemacao.com\/1\/wp-json\/wp\/v2\/tags?post=164354"}],"curies":[{"name":"wp","href":"https:\/\/api.w.org\/{rel}","templated":true}]}}