{"id":164361,"date":"2020-04-16T14:51:52","date_gmt":"2020-04-16T17:51:52","guid":{"rendered":"http:\/\/www.caririemacao.com\/1\/?p=164361"},"modified":"2020-04-16T14:51:54","modified_gmt":"2020-04-16T17:51:54","slug":"secretaria-de-saude-de-caraubas-divulga-boletim-informativo-do-covid-19","status":"publish","type":"post","link":"https:\/\/www.caririemacao.com\/1\/2020\/04\/16\/secretaria-de-saude-de-caraubas-divulga-boletim-informativo-do-covid-19\/","title":{"rendered":"Secretaria de Sa\u00fade de Cara\u00fabas divulga Boletim Informativo do Covid-19"},"content":{"rendered":"\n<p>A Secretaria da Sa\u00fade e o Departamento de Vigil\u00e2ncia em Sa\u00fade no munic\u00edpio de Cara\u00fabas divulgou o primeiro Boletim Informativo do COVID 19, onde os n\u00famero apresentados correspondem aos casos dos \u00faltimos 30 dias no munic\u00edpio. <\/p>\n\n\n\n<p><br> A orienta\u00e7\u00e3o \u00e9 de que todos permane\u00e7am cumprindo o isolamento social necess\u00e1rio ao combate do v\u00edrus. Portanto, fique em casa e siga as orienta\u00e7\u00f5es dos t\u00e9cnicos da Sa\u00fade de Cara\u00fabas e da OMS.<\/p>\n","protected":false},"excerpt":{"rendered":"<p>A Secretaria da Sa\u00fade e o Departamento de Vigil\u00e2ncia em Sa\u00fade no munic\u00edpio de Cara\u00fabas divulgou o primeiro Boletim Informativo do COVID 19, onde os&hellip; <\/p>\n","protected":false},"author":1,"featured_media":164362,"comment_status":"closed","ping_status":"closed","sticky":false,"template":"","format":"standard","meta":{"sfsi_plus_gutenberg_text_before_share":"","sfsi_plus_gutenberg_show_text_before_share":"","sfsi_plus_gutenberg_icon_type":"","sfsi_plus_gutenberg_icon_alignemt":"","sfsi_plus_gutenburg_max_per_row":"","footnotes":""},"categories":[6,50],"tags":[],"class_list":["post-164361","post","type-post","status-publish","format-standard","has-post-thumbnail","hentry","category-cidades","category-destaque"],"_links":{"self":[{"href":"https:\/\/www.caririemacao.com\/1\/wp-json\/wp\/v2\/posts\/164361","targetHints":{"allow":["GET"]}}],"collection":[{"href":"https:\/\/www.caririemacao.com\/1\/wp-json\/wp\/v2\/posts"}],"about":[{"href":"https:\/\/www.caririemacao.com\/1\/wp-json\/wp\/v2\/types\/post"}],"author":[{"embeddable":true,"href":"https:\/\/www.caririemacao.com\/1\/wp-json\/wp\/v2\/users\/1"}],"replies":[{"embeddable":true,"href":"https:\/\/www.caririemacao.com\/1\/wp-json\/wp\/v2\/comments?post=164361"}],"version-history":[{"count":1,"href":"https:\/\/www.caririemacao.com\/1\/wp-json\/wp\/v2\/posts\/164361\/revisions"}],"predecessor-version":[{"id":164363,"href":"https:\/\/www.caririemacao.com\/1\/wp-json\/wp\/v2\/posts\/164361\/revisions\/164363"}],"wp:featuredmedia":[{"embeddable":true,"href":"https:\/\/www.caririemacao.com\/1\/wp-json\/wp\/v2\/media\/164362"}],"wp:attachment":[{"href":"https:\/\/www.caririemacao.com\/1\/wp-json\/wp\/v2\/media?parent=164361"}],"wp:term":[{"taxonomy":"category","embeddable":true,"href":"https:\/\/www.caririemacao.com\/1\/wp-json\/wp\/v2\/categories?post=164361"},{"taxonomy":"post_tag","embeddable":true,"href":"https:\/\/www.caririemacao.com\/1\/wp-json\/wp\/v2\/tags?post=164361"}],"curies":[{"name":"wp","href":"https:\/\/api.w.org\/{rel}","templated":true}]}}