{"id":164368,"date":"2020-04-16T15:08:07","date_gmt":"2020-04-16T18:08:07","guid":{"rendered":"http:\/\/www.caririemacao.com\/1\/?p=164368"},"modified":"2020-04-16T15:08:08","modified_gmt":"2020-04-16T18:08:08","slug":"conde-fecha-entradas-do-municipio-em-combate-contra-a-covid-19","status":"publish","type":"post","link":"https:\/\/www.caririemacao.com\/1\/2020\/04\/16\/conde-fecha-entradas-do-municipio-em-combate-contra-a-covid-19\/","title":{"rendered":"Conde fecha entradas do munic\u00edpio em combate contra a Covid-19"},"content":{"rendered":"\n<p>A Prefeitura de Conde, na Grande Jo\u00e3o Pessoa, anunciou o fechamento das entradas da cidade entre os dias 17 e 21 de abril para turistas e visitantes. A medida \u00e9 para ajudar a combater a dissemina\u00e7\u00e3o do&nbsp;<strong>novo coronav\u00edrus<\/strong>, causador da Covid-19.<\/p>\n\n\n\n<h2 class=\"wp-block-heading\">Motivos<\/h2>\n\n\n\n<p>A medida foi baseada nos relat\u00f3rios apresentados pela Guarda Municipal e Secretaria de Sa\u00fade aos membros do Comit\u00ea de Crise em rela\u00e7\u00e3o \u00e0 Barreira Sanit\u00e1ria realizada entre os dias 9 e&nbsp;12 de abril, no feriado da Semana Santa. Nesse per\u00edodo, foram contabilizados nos tr\u00eas acessos do munic\u00edpio a entrada de mais de 5 mil ve\u00edculos na quinta, mais de 6 mil na sexta, mais de 7 mil no s\u00e1bado e mais de 10 mil no domingo.<\/p>\n\n\n\n<p>Na barreira tamb\u00e9m foram verificadas as temperaturas dos ocupantes dos ve\u00edculos e cerca de 200 pessoas tiveram n\u00fameros superior a 37,5\u00b0. Elas foram notificadas e monitoradas pela Secretaria de Sa\u00fade de Conde.<\/p>\n\n\n\n<h2 class=\"wp-block-heading\">Moradores, trabalhadores e servi\u00e7os essenciais<\/h2>\n\n\n\n<p>O fechamento acontecer\u00e1 a partir da 0h do dia 17 de abril at\u00e9 as 19h do dia 21 de abril em todas as principais entradas que d\u00e3o acesso ao munic\u00edpio de Conde. Nesse per\u00edodo, ser\u00e1 permitido o acesso para residentes e domiciliados no territ\u00f3rio, pessoas que trabalhem em estabelecimentos de servi\u00e7os essenciais e para o transporte de mercadorias, ve\u00edculos licenciados (ve\u00edculo de aluguel, com placa vermelha alvar\u00e1 de licenciamento em dia), motot\u00e1xi e transporte coletivo regular intermunicipal.<\/p>\n\n\n\n<p>Quem for domiciliado em Conde dever\u00e1 apresentar ao menos um dos seguintes documentos: t\u00edtulo de eleitor, comprovante de resid\u00eancia (conta de energia, \u00e1gua, telefone), declara\u00e7\u00e3o anual de Imposto de Renda, demonstrativos ou comunicados do INSS ou SRF, contracheque emitido por \u00f3rg\u00e3o p\u00fablico, boleto banc\u00e1rio de mensalidade escolar ou plano de sa\u00fade, condom\u00ednio ou financiamento habitacional, extrato do FGTS, guia\/carn\u00ea de IPTU ou IPVA, escritura ou certid\u00e3o de im\u00f3vel.<\/p>\n\n\n\n<h2 class=\"wp-block-heading\">Orienta\u00e7\u00e3o<\/h2>\n\n\n\n<p>Os principais acessos do munic\u00edpio ser\u00e3o fechados com as Barreiras Sanit\u00e1rias, nas quais a Guarda Municipal estar\u00e1 orientando as pessoas que n\u00e3o residem ou trabalham no munic\u00edpio a retornarem. \u201cOs motoristas que descumprirem a determina\u00e7\u00e3o, estar\u00e3o sujeitos \u00e0 infra\u00e7\u00e3o grave, com penalidade e multa, aplicada pelos agentes de tr\u00e2nsito, nos termos do artigo 195 do C\u00f3digo de Tr\u00e2nsito Brasileiro\u201d, disse a prefeitura.<\/p>\n\n\n\n<h2 class=\"wp-block-heading\">Outras medidas<\/h2>\n\n\n\n<p>Desde o m\u00eas de mar\u00e7o, medidas v\u00eam sendo adotadas no combate ao coronav\u00edrus em Conde, que v\u00e3o desde a suspens\u00e3o das aulas na rede municipal e privada de ensino, proibi\u00e7\u00e3o da entrada de \u00f4nibus, vans e micro-\u00f4nibus, fechamento das praias, suspens\u00e3o dos atendimentos nas reparti\u00e7\u00f5es p\u00fablicas e campanhas de conscientiza\u00e7\u00e3o para que a popula\u00e7\u00e3o evite aglomera\u00e7\u00f5es e fique em casa.<\/p>\n\n\n\n<p>At\u00e9 a noite desta quarta-feira (15), o munic\u00edpio de Conde n\u00e3o tinha casos confirmados de coronav\u00edrus e as medidas tomadas pela Gest\u00e3o Municipal t\u00eam como principal objetivo evitar a dissemina\u00e7\u00e3o do agente patog\u00eanico.<\/p>\n\n\n\n<h2 class=\"wp-block-heading\">RMJP deve ser tratada como \u2018uma cidade s\u00f3\u2019<\/h2>\n\n\n\n<p>O secret\u00e1rio de Sa\u00fade de Jo\u00e3o Pessoa, Adalberto Fulg\u00eancio, tem repetido durante entrevistas que as cidades da Regi\u00e3o Metropolitana de Jo\u00e3o Pessoa (RMJP) devem ser tratadas como se fossem um \u00fanico munic\u00edpio no planejamento de combate ao novo coronav\u00edrus, principalmente as conurbadas (Cabedelo, Santa Rita e Bayeux) e as mais pr\u00f3ximas (como Conde).<\/p>\n\n\n\n<p>Com popula\u00e7\u00e3o estimada em 1,2 milh\u00e3o de habitantes e 12 cidades, a RMJP concentra cerca de 90% dos casos do novo coronav\u00edrus da Para\u00edba. Conforme o \u00faltimo boletim da Secretaria de Estado da Sa\u00fade (SES), divulgado no fim da tarde desta quarta-feira (15), a regi\u00e3o metropolitana tinha 148 dos 165 casos do novo v\u00edrus no estado, distribu\u00eddos em Jo\u00e3o Pessoa (124), Santa Rita (14), Cabedelo (6) e Bayeux (4).<\/p>\n\n\n\n<p><strong>Reda\u00e7\u00e3o com Portal Correio<\/strong><\/p>\n","protected":false},"excerpt":{"rendered":"<p>A Prefeitura de Conde, na Grande Jo\u00e3o Pessoa, anunciou o fechamento das entradas da cidade entre os dias 17 e 21 de abril para turistas&hellip; <\/p>\n","protected":false},"author":1,"featured_media":162844,"comment_status":"closed","ping_status":"closed","sticky":false,"template":"","format":"standard","meta":{"sfsi_plus_gutenberg_text_before_share":"","sfsi_plus_gutenberg_show_text_before_share":"","sfsi_plus_gutenberg_icon_type":"","sfsi_plus_gutenberg_icon_alignemt":"","sfsi_plus_gutenburg_max_per_row":"","footnotes":""},"categories":[6,16],"tags":[],"class_list":["post-164368","post","type-post","status-publish","format-standard","has-post-thumbnail","hentry","category-cidades","category-saude"],"_links":{"self":[{"href":"https:\/\/www.caririemacao.com\/1\/wp-json\/wp\/v2\/posts\/164368","targetHints":{"allow":["GET"]}}],"collection":[{"href":"https:\/\/www.caririemacao.com\/1\/wp-json\/wp\/v2\/posts"}],"about":[{"href":"https:\/\/www.caririemacao.com\/1\/wp-json\/wp\/v2\/types\/post"}],"author":[{"embeddable":true,"href":"https:\/\/www.caririemacao.com\/1\/wp-json\/wp\/v2\/users\/1"}],"replies":[{"embeddable":true,"href":"https:\/\/www.caririemacao.com\/1\/wp-json\/wp\/v2\/comments?post=164368"}],"version-history":[{"count":1,"href":"https:\/\/www.caririemacao.com\/1\/wp-json\/wp\/v2\/posts\/164368\/revisions"}],"predecessor-version":[{"id":164369,"href":"https:\/\/www.caririemacao.com\/1\/wp-json\/wp\/v2\/posts\/164368\/revisions\/164369"}],"wp:featuredmedia":[{"embeddable":true,"href":"https:\/\/www.caririemacao.com\/1\/wp-json\/wp\/v2\/media\/162844"}],"wp:attachment":[{"href":"https:\/\/www.caririemacao.com\/1\/wp-json\/wp\/v2\/media?parent=164368"}],"wp:term":[{"taxonomy":"category","embeddable":true,"href":"https:\/\/www.caririemacao.com\/1\/wp-json\/wp\/v2\/categories?post=164368"},{"taxonomy":"post_tag","embeddable":true,"href":"https:\/\/www.caririemacao.com\/1\/wp-json\/wp\/v2\/tags?post=164368"}],"curies":[{"name":"wp","href":"https:\/\/api.w.org\/{rel}","templated":true}]}}