{"id":164370,"date":"2020-04-16T15:13:24","date_gmt":"2020-04-16T18:13:24","guid":{"rendered":"http:\/\/www.caririemacao.com\/1\/?p=164370"},"modified":"2020-04-16T15:13:26","modified_gmt":"2020-04-16T18:13:26","slug":"joao-azevedo-diz-que-se-for-preciso-acionara-a-justica-contra-reabertura-do-comercio-em-campina-grande","status":"publish","type":"post","link":"https:\/\/www.caririemacao.com\/1\/2020\/04\/16\/joao-azevedo-diz-que-se-for-preciso-acionara-a-justica-contra-reabertura-do-comercio-em-campina-grande\/","title":{"rendered":"Jo\u00e3o Azev\u00eado diz que se for preciso acionar\u00e1 a Justi\u00e7a contra reabertura do com\u00e9rcio em Campina Grande"},"content":{"rendered":"\n<p>O governador Jo\u00e3o Azev\u00eado disse nesta quarta-feira (15) que pode ir \u00e0 Justi\u00e7a contra reabertura do com\u00e9rcio em Campina Grande.&nbsp;O an\u00fancio foi feito ap\u00f3s o&nbsp;prefeito de Campina Grande, Romero Rodrigues, afirmar que far\u00e1 a reabertura parcial do com\u00e9rcio da cidade na pr\u00f3xima segunda-feira (20).<\/p>\n\n\n\n<p>Jo\u00e3o admitiu&nbsp;\u00e9 um equ\u00edvoco estabelecer a abertura que est\u00e1 sendo feita em Campina Grande neste momento. O gestor lembrou que a Para\u00edba est\u00e1 em curva ascendente.<ins><\/ins><\/p>\n\n\n\n<p>A decis\u00e3o contraria o decreto estadual de preven\u00e7\u00e3o da dissemina\u00e7\u00e3o do novo coronav\u00edrus.&nbsp;De acordo com o governador, as prefeituras que descumprirem o decreto estadual que estabelece o isolamento social em toda a Para\u00edba, at\u00e9 o 3 de maio ser\u00e3o acionadas na Justi\u00e7a.<\/p>\n\n\n\n<p>Em Campina Grande&nbsp;tr\u00eas casos j\u00e1 foram confirmados de acordo com o \u00faltimo boletim divulgado pela Secretaria de Estado da Sa\u00fade (SES), por\u00e9m o pr\u00f3prio secret\u00e1rio de sa\u00fade do munic\u00edpio, Felipe Reul, reconheceu que o n\u00famero de casos pode ser maior, devido \u00e0 subnotifica\u00e7\u00e3o.<\/p>\n\n\n\n<p>Nacionalmente o Ministro Alexandre de Moraes, do Supremo Tribunal Federal (STF), definiu que o Governo Federal n\u00e3o pode derrubar decis\u00f5es locais de governadores que determinam as medidas de isolamento social. E quest\u00e3o \u00e9 se essa analogia pode ser utilizada na situa\u00e7\u00e3o estados x munic\u00edpios.<\/p>\n\n\n\n<p>Com Pol\u00edtica Parahybs<\/p>\n","protected":false},"excerpt":{"rendered":"<p>O governador Jo\u00e3o Azev\u00eado disse nesta quarta-feira (15) que pode ir \u00e0 Justi\u00e7a contra reabertura do com\u00e9rcio em Campina Grande.&nbsp;O an\u00fancio foi feito ap\u00f3s o&nbsp;prefeito&hellip; <\/p>\n","protected":false},"author":1,"featured_media":164371,"comment_status":"closed","ping_status":"closed","sticky":false,"template":"","format":"standard","meta":{"sfsi_plus_gutenberg_text_before_share":"","sfsi_plus_gutenberg_show_text_before_share":"","sfsi_plus_gutenberg_icon_type":"","sfsi_plus_gutenberg_icon_alignemt":"","sfsi_plus_gutenburg_max_per_row":"","footnotes":""},"categories":[16],"tags":[],"class_list":["post-164370","post","type-post","status-publish","format-standard","has-post-thumbnail","hentry","category-saude"],"_links":{"self":[{"href":"https:\/\/www.caririemacao.com\/1\/wp-json\/wp\/v2\/posts\/164370","targetHints":{"allow":["GET"]}}],"collection":[{"href":"https:\/\/www.caririemacao.com\/1\/wp-json\/wp\/v2\/posts"}],"about":[{"href":"https:\/\/www.caririemacao.com\/1\/wp-json\/wp\/v2\/types\/post"}],"author":[{"embeddable":true,"href":"https:\/\/www.caririemacao.com\/1\/wp-json\/wp\/v2\/users\/1"}],"replies":[{"embeddable":true,"href":"https:\/\/www.caririemacao.com\/1\/wp-json\/wp\/v2\/comments?post=164370"}],"version-history":[{"count":1,"href":"https:\/\/www.caririemacao.com\/1\/wp-json\/wp\/v2\/posts\/164370\/revisions"}],"predecessor-version":[{"id":164372,"href":"https:\/\/www.caririemacao.com\/1\/wp-json\/wp\/v2\/posts\/164370\/revisions\/164372"}],"wp:featuredmedia":[{"embeddable":true,"href":"https:\/\/www.caririemacao.com\/1\/wp-json\/wp\/v2\/media\/164371"}],"wp:attachment":[{"href":"https:\/\/www.caririemacao.com\/1\/wp-json\/wp\/v2\/media?parent=164370"}],"wp:term":[{"taxonomy":"category","embeddable":true,"href":"https:\/\/www.caririemacao.com\/1\/wp-json\/wp\/v2\/categories?post=164370"},{"taxonomy":"post_tag","embeddable":true,"href":"https:\/\/www.caririemacao.com\/1\/wp-json\/wp\/v2\/tags?post=164370"}],"curies":[{"name":"wp","href":"https:\/\/api.w.org\/{rel}","templated":true}]}}