{"id":164376,"date":"2020-04-16T15:28:03","date_gmt":"2020-04-16T18:28:03","guid":{"rendered":"http:\/\/www.caririemacao.com\/1\/?p=164376"},"modified":"2020-04-16T15:28:05","modified_gmt":"2020-04-16T18:28:05","slug":"sairemos-juntos-disse-mandetta-em-nao-aceitar-a-demissao-de-secretario","status":"publish","type":"post","link":"https:\/\/www.caririemacao.com\/1\/2020\/04\/16\/sairemos-juntos-disse-mandetta-em-nao-aceitar-a-demissao-de-secretario\/","title":{"rendered":"\u201cSairemos juntos\u201d disse Mandetta em n\u00e3o aceitar a demiss\u00e3o de secret\u00e1rio"},"content":{"rendered":"\n<p>Numa quarta-feira (15\/04) em que sua demiss\u00e3o foi cogitada o dia inteiro, o ministro da Sa\u00fade,&nbsp;Luiz Henrique Mandetta, surpreendeu e apareceu na entrevista coletiva di\u00e1ria do&nbsp;Pal\u00e1cio do Planalto&nbsp;sobre as a\u00e7\u00f5es contra o&nbsp;novo coronav\u00edrus. E acompanhado de&nbsp;Wanderson de Oliveira, seu secret\u00e1rio de Vigil\u00e2ncia em Sa\u00fade, que havia pedido demiss\u00e3o mais cedo.<\/p>\n\n\n\n<p>\u201cHoje se falou muito, mas n\u00e3o aceito [a demiss\u00e3o], acabou esse assunto. Vamos trabalhar juntos at\u00e9 o momento de sairmos juntos do Minist\u00e9rio da Sa\u00fade\u201d, disse Mandetta.<\/p>\n\n\n\n<p>Com Pol\u00edtica Parahyba<\/p>\n","protected":false},"excerpt":{"rendered":"<p>Numa quarta-feira (15\/04) em que sua demiss\u00e3o foi cogitada o dia inteiro, o ministro da Sa\u00fade,&nbsp;Luiz Henrique Mandetta, surpreendeu e apareceu na entrevista coletiva di\u00e1ria&hellip; <\/p>\n","protected":false},"author":1,"featured_media":163925,"comment_status":"closed","ping_status":"closed","sticky":false,"template":"","format":"standard","meta":{"sfsi_plus_gutenberg_text_before_share":"","sfsi_plus_gutenberg_show_text_before_share":"","sfsi_plus_gutenberg_icon_type":"","sfsi_plus_gutenberg_icon_alignemt":"","sfsi_plus_gutenburg_max_per_row":"","footnotes":""},"categories":[2],"tags":[],"class_list":["post-164376","post","type-post","status-publish","format-standard","has-post-thumbnail","hentry","category-geral"],"_links":{"self":[{"href":"https:\/\/www.caririemacao.com\/1\/wp-json\/wp\/v2\/posts\/164376","targetHints":{"allow":["GET"]}}],"collection":[{"href":"https:\/\/www.caririemacao.com\/1\/wp-json\/wp\/v2\/posts"}],"about":[{"href":"https:\/\/www.caririemacao.com\/1\/wp-json\/wp\/v2\/types\/post"}],"author":[{"embeddable":true,"href":"https:\/\/www.caririemacao.com\/1\/wp-json\/wp\/v2\/users\/1"}],"replies":[{"embeddable":true,"href":"https:\/\/www.caririemacao.com\/1\/wp-json\/wp\/v2\/comments?post=164376"}],"version-history":[{"count":1,"href":"https:\/\/www.caririemacao.com\/1\/wp-json\/wp\/v2\/posts\/164376\/revisions"}],"predecessor-version":[{"id":164377,"href":"https:\/\/www.caririemacao.com\/1\/wp-json\/wp\/v2\/posts\/164376\/revisions\/164377"}],"wp:featuredmedia":[{"embeddable":true,"href":"https:\/\/www.caririemacao.com\/1\/wp-json\/wp\/v2\/media\/163925"}],"wp:attachment":[{"href":"https:\/\/www.caririemacao.com\/1\/wp-json\/wp\/v2\/media?parent=164376"}],"wp:term":[{"taxonomy":"category","embeddable":true,"href":"https:\/\/www.caririemacao.com\/1\/wp-json\/wp\/v2\/categories?post=164376"},{"taxonomy":"post_tag","embeddable":true,"href":"https:\/\/www.caririemacao.com\/1\/wp-json\/wp\/v2\/tags?post=164376"}],"curies":[{"name":"wp","href":"https:\/\/api.w.org\/{rel}","templated":true}]}}