{"id":164381,"date":"2020-04-16T15:49:48","date_gmt":"2020-04-16T18:49:48","guid":{"rendered":"http:\/\/www.caririemacao.com\/1\/?p=164381"},"modified":"2020-04-16T15:49:51","modified_gmt":"2020-04-16T18:49:51","slug":"camalau-secretaria-de-trabalho-e-acao-social-distribui-cestas-basicas-para-familias-carentes","status":"publish","type":"post","link":"https:\/\/www.caririemacao.com\/1\/2020\/04\/16\/camalau-secretaria-de-trabalho-e-acao-social-distribui-cestas-basicas-para-familias-carentes\/","title":{"rendered":"Camala\u00fa: Secretaria de Trabalho e A\u00e7\u00e3o Social distribui cestas b\u00e1sicas para fam\u00edlias carentes"},"content":{"rendered":"\n<p>A Secret\u00e1ria de Trabalho e A\u00e7\u00e3o Social vem promovendo diversas a\u00e7\u00f5es no munic\u00edpio de camala\u00fa. A\u00e7\u00f5es voltadas com o objetivo de ajudar diversas fam\u00edlias que vivem em situa\u00e7\u00f5es de vulnerabilidade econ\u00f4mica e social. <\/p>\n\n\n\n<p>As a\u00e7\u00f5es s\u00e3o feitas atrav\u00e9s da entrega de cestas b\u00e1sicas, paras as fam\u00edlias que mais necessitam de ajuda. Principalmente no contexto de crise em que vive o pa\u00eds. <\/p>\n","protected":false},"excerpt":{"rendered":"<p>A Secret\u00e1ria de Trabalho e A\u00e7\u00e3o Social vem promovendo diversas a\u00e7\u00f5es no munic\u00edpio de camala\u00fa. A\u00e7\u00f5es voltadas com o objetivo de ajudar diversas fam\u00edlias que&hellip; <\/p>\n","protected":false},"author":1,"featured_media":164385,"comment_status":"closed","ping_status":"closed","sticky":false,"template":"","format":"standard","meta":{"sfsi_plus_gutenberg_text_before_share":"","sfsi_plus_gutenberg_show_text_before_share":"","sfsi_plus_gutenberg_icon_type":"","sfsi_plus_gutenberg_icon_alignemt":"","sfsi_plus_gutenburg_max_per_row":"","footnotes":""},"categories":[6,50],"tags":[],"class_list":["post-164381","post","type-post","status-publish","format-standard","has-post-thumbnail","hentry","category-cidades","category-destaque"],"_links":{"self":[{"href":"https:\/\/www.caririemacao.com\/1\/wp-json\/wp\/v2\/posts\/164381","targetHints":{"allow":["GET"]}}],"collection":[{"href":"https:\/\/www.caririemacao.com\/1\/wp-json\/wp\/v2\/posts"}],"about":[{"href":"https:\/\/www.caririemacao.com\/1\/wp-json\/wp\/v2\/types\/post"}],"author":[{"embeddable":true,"href":"https:\/\/www.caririemacao.com\/1\/wp-json\/wp\/v2\/users\/1"}],"replies":[{"embeddable":true,"href":"https:\/\/www.caririemacao.com\/1\/wp-json\/wp\/v2\/comments?post=164381"}],"version-history":[{"count":1,"href":"https:\/\/www.caririemacao.com\/1\/wp-json\/wp\/v2\/posts\/164381\/revisions"}],"predecessor-version":[{"id":164388,"href":"https:\/\/www.caririemacao.com\/1\/wp-json\/wp\/v2\/posts\/164381\/revisions\/164388"}],"wp:featuredmedia":[{"embeddable":true,"href":"https:\/\/www.caririemacao.com\/1\/wp-json\/wp\/v2\/media\/164385"}],"wp:attachment":[{"href":"https:\/\/www.caririemacao.com\/1\/wp-json\/wp\/v2\/media?parent=164381"}],"wp:term":[{"taxonomy":"category","embeddable":true,"href":"https:\/\/www.caririemacao.com\/1\/wp-json\/wp\/v2\/categories?post=164381"},{"taxonomy":"post_tag","embeddable":true,"href":"https:\/\/www.caririemacao.com\/1\/wp-json\/wp\/v2\/tags?post=164381"}],"curies":[{"name":"wp","href":"https:\/\/api.w.org\/{rel}","templated":true}]}}