{"id":164387,"date":"2020-04-16T15:50:58","date_gmt":"2020-04-16T18:50:58","guid":{"rendered":"http:\/\/www.caririemacao.com\/1\/?p=164387"},"modified":"2020-04-16T15:50:59","modified_gmt":"2020-04-16T18:50:59","slug":"mesmo-sem-inauguracao-prefeito-jefferson-roberto-determina-inicio-de-operacao-do-novo-dessalinizador-do-simao-lopes","status":"publish","type":"post","link":"https:\/\/www.caririemacao.com\/1\/2020\/04\/16\/mesmo-sem-inauguracao-prefeito-jefferson-roberto-determina-inicio-de-operacao-do-novo-dessalinizador-do-simao-lopes\/","title":{"rendered":"Mesmo sem inaugura\u00e7\u00e3o, prefeito Jefferson Roberto determina in\u00edcio de opera\u00e7\u00e3o do novo dessalinizador do Sim\u00e3o Lopes"},"content":{"rendered":"\n<div class=\"wp-block-image\"><figure class=\"aligncenter\"><img decoding=\"async\" data-src=\"http:\/\/deolhonocariri.com.br\/wp-content\/uploads\/2020\/04\/93994262_528534864518345_6751266733329219584_n.jpg\" alt=\"\" class=\"wp-image-80810 lazyload\" src=\"data:image\/svg+xml;base64,PHN2ZyB3aWR0aD0iMSIgaGVpZ2h0PSIxIiB4bWxucz0iaHR0cDovL3d3dy53My5vcmcvMjAwMC9zdmciPjwvc3ZnPg==\" \/><\/figure><\/div>\n\n\n\n<p>Em tempos de isolamento social, todo e qualquer evento que aglomere pessoas est\u00e1 proibido no munic\u00edpio de S\u00e3o Jos\u00e9 dos Cordeiros. Por isso, o prefeito Jefferson Roberto determinou o funcionamento do novo sistema de dessaliniza\u00e7\u00e3o vertical, que atender\u00e1 com \u00e1gua pot\u00e1vel as comunidades do Sim\u00e3o Lopes, Algod\u00e3o, Riacho dos Pocinhos, Rio de Fora e adjac\u00eancias.<\/p>\n\n\n\n<p>A obra representou um investimento de R$ 72.003,05 numa parceria da Prefeitura de S\u00e3o Jos\u00e9 dos Cordeiros com o Governo do Estado, com recursos oriundos do Fundo Internacional de Desenvolvimento Agr\u00edcola (FIDA). O sistema de dessaliniza\u00e7\u00e3o foi constru\u00eddo no s\u00edtio Sim\u00e3o Lopes e j\u00e1 est\u00e1 oferecendo \u00e1gua para dezenas de fam\u00edlias da zona rural de S\u00e3o Jos\u00e9 dos Cordeiros.<\/p>\n\n\n\n<p>Segundo o prefeito Jefferson Roberto: \u201cA inaugura\u00e7\u00e3o nunca foi empecilho para que as obras em S\u00e3o Jos\u00e9 dos Cordeiros come\u00e7assem de imediato a beneficiar quem dela precisa. Determinei o in\u00edcio da opera\u00e7\u00e3o do sistema do Sim\u00e3o Lopes em contato com o Procase, ficamos felizes em poder levar mais esse benef\u00edcio para a zona rural e vamos continuar focados em produzir novas a\u00e7\u00f5es que favore\u00e7am a vida de nosso povo.\u201d, destacou.<\/p>\n\n\n\n<div class=\"wp-block-image\"><figure class=\"aligncenter\"><img decoding=\"async\" data-src=\"http:\/\/deolhonocariri.com.br\/wp-content\/uploads\/2020\/04\/93961216_3206306372753655_5611586226348883968_n.jpg\" alt=\"\" class=\"wp-image-80809 lazyload\" src=\"data:image\/svg+xml;base64,PHN2ZyB3aWR0aD0iMSIgaGVpZ2h0PSIxIiB4bWxucz0iaHR0cDovL3d3dy53My5vcmcvMjAwMC9zdmciPjwvc3ZnPg==\" \/><\/figure><\/div>\n\n\n\n<p><br><strong>Caminh\u00e3o Ca\u00e7amba<\/strong><\/p>\n\n\n\n<p>O prefeito Jefferson Roberto ainda comemorou o retorno ao munic\u00edpio do caminh\u00e3o ca\u00e7amba do PAC, que estava em manuten\u00e7\u00e3o ap\u00f3s um incidente em que o mesmo se envolveu. Jefferson disse que foi uma grande luta concluir o concerto do ve\u00edculo, especialmente pela aus\u00eancia de pe\u00e7as para a conclus\u00e3o de sua recupera\u00e7\u00e3o. Ainda assim, o ve\u00edculo est\u00e1 novo e a disposi\u00e7\u00e3o da popula\u00e7\u00e3o de S\u00e3o Jos\u00e9 dos Cordeiros.<\/p>\n\n\n\n<p>O prefeito lamentou que alguns opositores na falta de um projeto s\u00f3lido para o munic\u00edpio aproveite o ano eleitoral para fazer politicagem rasteira e que em nada acrescenta ao munic\u00edpio. \u201cVamos trabalhar. Vamos discutir o presente e o futuro de nossa cidade. A escolha do povo \u00e9 soberana e s\u00e3o nas urnas que sempre encontramos as mais corretas respostas do povo ao nosso trabalho\u201d, pontuou Jefferson em recado a opositores.<\/p>\n","protected":false},"excerpt":{"rendered":"<p>Em tempos de isolamento social, todo e qualquer evento que aglomere pessoas est\u00e1 proibido no munic\u00edpio de S\u00e3o Jos\u00e9 dos Cordeiros. Por isso, o prefeito&hellip; <\/p>\n","protected":false},"author":2,"featured_media":164389,"comment_status":"closed","ping_status":"closed","sticky":false,"template":"","format":"standard","meta":{"sfsi_plus_gutenberg_text_before_share":"","sfsi_plus_gutenberg_show_text_before_share":"","sfsi_plus_gutenberg_icon_type":"","sfsi_plus_gutenberg_icon_alignemt":"","sfsi_plus_gutenburg_max_per_row":"","footnotes":""},"categories":[2],"tags":[],"class_list":["post-164387","post","type-post","status-publish","format-standard","has-post-thumbnail","hentry","category-geral"],"_links":{"self":[{"href":"https:\/\/www.caririemacao.com\/1\/wp-json\/wp\/v2\/posts\/164387","targetHints":{"allow":["GET"]}}],"collection":[{"href":"https:\/\/www.caririemacao.com\/1\/wp-json\/wp\/v2\/posts"}],"about":[{"href":"https:\/\/www.caririemacao.com\/1\/wp-json\/wp\/v2\/types\/post"}],"author":[{"embeddable":true,"href":"https:\/\/www.caririemacao.com\/1\/wp-json\/wp\/v2\/users\/2"}],"replies":[{"embeddable":true,"href":"https:\/\/www.caririemacao.com\/1\/wp-json\/wp\/v2\/comments?post=164387"}],"version-history":[{"count":1,"href":"https:\/\/www.caririemacao.com\/1\/wp-json\/wp\/v2\/posts\/164387\/revisions"}],"predecessor-version":[{"id":164390,"href":"https:\/\/www.caririemacao.com\/1\/wp-json\/wp\/v2\/posts\/164387\/revisions\/164390"}],"wp:featuredmedia":[{"embeddable":true,"href":"https:\/\/www.caririemacao.com\/1\/wp-json\/wp\/v2\/media\/164389"}],"wp:attachment":[{"href":"https:\/\/www.caririemacao.com\/1\/wp-json\/wp\/v2\/media?parent=164387"}],"wp:term":[{"taxonomy":"category","embeddable":true,"href":"https:\/\/www.caririemacao.com\/1\/wp-json\/wp\/v2\/categories?post=164387"},{"taxonomy":"post_tag","embeddable":true,"href":"https:\/\/www.caririemacao.com\/1\/wp-json\/wp\/v2\/tags?post=164387"}],"curies":[{"name":"wp","href":"https:\/\/api.w.org\/{rel}","templated":true}]}}