{"id":164398,"date":"2020-04-16T16:29:55","date_gmt":"2020-04-16T19:29:55","guid":{"rendered":"http:\/\/www.caririemacao.com\/1\/?p=164398"},"modified":"2020-04-16T16:29:57","modified_gmt":"2020-04-16T19:29:57","slug":"urgente-mandetta-e-demitido-por-bolsonaro","status":"publish","type":"post","link":"https:\/\/www.caririemacao.com\/1\/2020\/04\/16\/urgente-mandetta-e-demitido-por-bolsonaro\/","title":{"rendered":"Urgente: Mandetta \u00e9 demitido por Bolsonaro"},"content":{"rendered":"\n<p>Em meio \u00e0 pandemia do&nbsp;<a href=\"https:\/\/g1.globo.com\/bemestar\/coronavirus\/\">novo coronav\u00edrus<\/a>, o presidente&nbsp;<a href=\"https:\/\/g1.globo.com\/politica\/politico\/jair-bolsonaro\/\">Jair Bolsonaro&nbsp;<\/a>demitiu nesta quinta-feira (16) o ministro da Sa\u00fade,&nbsp;<a href=\"https:\/\/g1.globo.com\/politica\/politico\/luiz-henrique-mandetta\/\">Luiz Henrique Mandetta<\/a>. A informa\u00e7\u00e3o foi divulgada pelo pr\u00f3prio ministro em uma rede social.<\/p>\n\n\n\n<p>&#8220;Acabo de ouvir do presidente Jair Bolsonaro o aviso da minha demiss\u00e3o do Minist\u00e9rio da Sa\u00fade. Quero agradecer a oportunidade que me foi dada, de ser gerente do nosso SUS, de p\u00f4r de p\u00e9 o projeto de melhoria da sa\u00fade dos brasileiros e de planejar o enfrentamento da pandemia do coronav\u00edrus, o grande desafio que o nosso sistema de sa\u00fade est\u00e1 por enfrentar&#8221;, escreveu Mandetta.<\/p>\n\n\n\n<p>&#8220;Agrade\u00e7o a toda a equipe que esteve comigo no MS e desejo \u00eaxito ao meu sucessor no cargo de ministro da Sa\u00fade. Rogo a Deus e a Nossa Senhora Aparecida que aben\u00e7oem muito o nosso pa\u00eds&#8221;, prosseguiu.<\/p>\n\n\n\n<p>Ex-deputado federal, Mandetta estava \u00e0 frente da pasta&nbsp;<a href=\"https:\/\/g1.globo.com\/politica\/noticia\/2019\/01\/01\/apos-receber-faixa-presidencial-bolsonaro-da-posse-a-22-ministros-no-palacio-do-planalto.ghtml\">desde o in\u00edcio do governo<\/a>, em janeiro de 2019, e ganhou maior visibilidade com a crise provocada pelo novo coronav\u00edrus. Na tarde desta quinta, Mandetta foi chamado ao Planalto para uma&nbsp;<a href=\"https:\/\/g1.globo.com\/politica\/noticia\/2020\/04\/16\/mandetta-e-chamado-por-bolsonaro-e-se-reune-com-presidente-no-planalto.ghtml\">\u00faltima reuni\u00e3o com Jair Bolsonaro<\/a>.<\/p>\n\n\n\n<p>Nas \u00faltimas semanas, contudo, Bolsonaro e Mandetta tiveram diverg\u00eancias p\u00fablicas em raz\u00e3o das estrat\u00e9gias para conter a velocidade do cont\u00e1gio da Covid-19, doen\u00e7a provocada pelo v\u00edrus.<\/p>\n\n\n\n<p>Em&nbsp;<a href=\"https:\/\/g1.globo.com\/bemestar\/coronavirus\/noticia\/2020\/04\/13\/brasileiro-nao-sabe-se-escuta-o-ministro-ou-o-presidente-diz-mandetta.ghtml\">entrevista ao Fant\u00e1stico<\/a>, no domingo (12), Mandetta disse que a popula\u00e7\u00e3o n\u00e3o sabe &#8220;se escuta o presidente ou o ministro&#8221; da Sa\u00fade em rela\u00e7\u00e3o a medidas.<\/p>\n\n\n\n<p>Em coletiva nesta quarta (15), no Pal\u00e1cio do Planalto, o ent\u00e3o ministro da Sa\u00fade disse que era&nbsp;<a href=\"https:\/\/g1.globo.com\/politica\/noticia\/2020\/04\/15\/sairemos-do-ministerio-juntos-afirma-mandetta-sobre-secretarios.ghtml\">claro o &#8220;descompasso&#8221;<\/a>&nbsp;entre a pasta e as orienta\u00e7\u00f5es do presidente Jair Bolsonaro. Segundo Mandetta, pessoas cotadas para a sucess\u00e3o no cargo chegaram a ligar para ele em busca de aconselhamento.<\/p>\n\n\n\n<p>Na entrevista, o ministro tamb\u00e9m disse que a equipe montada por ele e empossada em 2019 trabalharia em conjunto, e&nbsp;<a href=\"https:\/\/g1.globo.com\/politica\/noticia\/2020\/04\/15\/mandetta-reconhece-divergencia-com-bolsonaro-e-admite-sair-saiba-o-que-disse-o-ministro.ghtml\">ajudaria na transi\u00e7\u00e3o para evitar uma ruptura<\/a>&nbsp;na pol\u00edtica contra a Covid-19.<\/p>\n\n\n\n<h2 class=\"wp-block-heading\">O \u00faltimo dia<\/h2>\n\n\n\n<p>Na manh\u00e3 desta quinta, Mandetta participou de um semin\u00e1rio virtual sobre o enfrentamento ao coronav\u00edrus. Durante o papo, afirmou que a perspectiva era de que a mudan\u00e7a no comando do minist\u00e9rio acontecesse &#8220;hoje, no mais tardar amanh\u00e3&#8221;.<\/p>\n\n\n\n<p>No mesmo hor\u00e1rio, o presidente Jair Bolsonaro&nbsp;<a href=\"https:\/\/g1.globo.com\/politica\/noticia\/2020\/04\/16\/cotado-para-assumir-saude-teich-chega-a-brasilia-para-reuniao-com-bolsonaro.ghtml\">recebeu no Pal\u00e1cio do Planalto o oncologista Nelson Teich<\/a>. O m\u00e9dico, que atua em S\u00e3o Paulo, desembarcou em Bras\u00edlia como o principal cotado para assumir o Minist\u00e9rio da Sa\u00fade.<\/p>\n\n\n\n<ul class=\"wp-block-list\"><li><a href=\"https:\/\/g1.globo.com\/bemestar\/coronavirus\/noticia\/2020\/04\/16\/quem-e-nelson-teich-o-mais-cotado-para-substituir-mandetta-no-ministerio-da-saude.ghtml\">Quem \u00e9 Nelson Teich, o mais cotado para substituir Mandetta no Minist\u00e9rio da Sa\u00fade<\/a><\/li><\/ul>\n\n\n\n<p>Em artigo recente sobre a pandemia, Teich se mostrou a favor do isolamento horizontal, como Mandetta. Ele tamb\u00e9m afirmou, tamb\u00e9m em texto nas redes sociais que o enfrentamento da crise n\u00e3o pode levar em conta apenas fatores econ\u00f4micos ou apenas fatores sanit\u00e1rios.<\/p>\n\n\n\n<p>At\u00e9 a publica\u00e7\u00e3o desta reportagem, nem a reuni\u00e3o com Bolsonaro nem a nomea\u00e7\u00e3o de Teich para o cargo tinham sido oficializadas pelo Pal\u00e1cio do Planalto.<\/p>\n\n\n\n<h2 class=\"wp-block-heading\">Discord\u00e2ncias<\/h2>\n\n\n\n<p>O presidente defende o que chama de &#8220;isolamento vertical&#8221;, ou seja, isolar somente idosos e pessoas com doen\u00e7as graves, que est\u00e3o no grupo de risco. Bolsonaro repete que o isolamento amplo, com suspens\u00e3o de atividades, traz&nbsp;<a href=\"https:\/\/g1.globo.com\/politica\/noticia\/2020\/03\/17\/bolsonaro-volta-a-falar-em-histeria-e-diz-que-acoes-de-governadores-sobre-isolamento-prejudicam-a-economia.ghtml\">preju\u00edzos \u00e0 economia<\/a>&nbsp;que ele considera at\u00e9 mais graves do que as mortes provocadas pelo coronav\u00edrus.<\/p>\n\n\n\n<p>Mandetta refor\u00e7ou nas \u00faltimas semanas a&nbsp;<a href=\"https:\/\/g1.globo.com\/bemestar\/coronavirus\/noticia\/2020\/03\/28\/se-a-gente-sair-andando-todo-mundo-de-uma-vez-vai-faltar-pro-rico-pro-pobre-diz-ministro-da-saude.ghtml\">necessidade de isolamento<\/a>&nbsp;para toda a popula\u00e7\u00e3o e reafirmou que as recomenda\u00e7\u00f5es e determina\u00e7\u00f5es do Minist\u00e9rio da Sa\u00fade seguem par\u00e2metros cient\u00edficos e da Organiza\u00e7\u00e3o Mundial de Sa\u00fade (OMS).<\/p>\n\n\n\n<p>Em tr\u00eas ocasi\u00f5es diferentes, Bolsonaro saiu por ruas de Bras\u00edlia e cumprimentou apoiadores, mantendo contato f\u00edsico e descumprindo as orienta\u00e7\u00f5es dadas por Mandetta e pelas autoridades internacionais de sa\u00fade.<\/p>\n\n\n\n<p>A discuss\u00e3o sobre as medidas de restri\u00e7\u00e3o, com suspens\u00e3o de atividades comerciais e aulas, por exemplo, gerou embate do presidente n\u00e3o s\u00f3 com Mandetta, mas tamb\u00e9m<a href=\"https:\/\/g1.globo.com\/politica\/noticia\/2020\/03\/25\/um-dia-apos-pronunciamento-bolsonaro-repete-ataques-a-governadores-e-defende-isolamento-mais-brando.ghtml\">&nbsp;com governadores<\/a>&nbsp;&#8211; em especial com o de S\u00e3o Paulo, Jo\u00e3o Doria (PSDB), e o do Rio de Janeiro, Wilson Witzel (PSC).<\/p>\n","protected":false},"excerpt":{"rendered":"<p>Em meio \u00e0 pandemia do&nbsp;novo coronav\u00edrus, o presidente&nbsp;Jair Bolsonaro&nbsp;demitiu nesta quinta-feira (16) o ministro da Sa\u00fade,&nbsp;Luiz Henrique Mandetta. A informa\u00e7\u00e3o foi divulgada pelo pr\u00f3prio ministro&hellip; <\/p>\n","protected":false},"author":2,"featured_media":164346,"comment_status":"closed","ping_status":"closed","sticky":false,"template":"","format":"standard","meta":{"sfsi_plus_gutenberg_text_before_share":"","sfsi_plus_gutenberg_show_text_before_share":"","sfsi_plus_gutenberg_icon_type":"","sfsi_plus_gutenberg_icon_alignemt":"","sfsi_plus_gutenburg_max_per_row":"","footnotes":""},"categories":[50,2],"tags":[],"class_list":["post-164398","post","type-post","status-publish","format-standard","has-post-thumbnail","hentry","category-destaque","category-geral"],"_links":{"self":[{"href":"https:\/\/www.caririemacao.com\/1\/wp-json\/wp\/v2\/posts\/164398","targetHints":{"allow":["GET"]}}],"collection":[{"href":"https:\/\/www.caririemacao.com\/1\/wp-json\/wp\/v2\/posts"}],"about":[{"href":"https:\/\/www.caririemacao.com\/1\/wp-json\/wp\/v2\/types\/post"}],"author":[{"embeddable":true,"href":"https:\/\/www.caririemacao.com\/1\/wp-json\/wp\/v2\/users\/2"}],"replies":[{"embeddable":true,"href":"https:\/\/www.caririemacao.com\/1\/wp-json\/wp\/v2\/comments?post=164398"}],"version-history":[{"count":1,"href":"https:\/\/www.caririemacao.com\/1\/wp-json\/wp\/v2\/posts\/164398\/revisions"}],"predecessor-version":[{"id":164399,"href":"https:\/\/www.caririemacao.com\/1\/wp-json\/wp\/v2\/posts\/164398\/revisions\/164399"}],"wp:featuredmedia":[{"embeddable":true,"href":"https:\/\/www.caririemacao.com\/1\/wp-json\/wp\/v2\/media\/164346"}],"wp:attachment":[{"href":"https:\/\/www.caririemacao.com\/1\/wp-json\/wp\/v2\/media?parent=164398"}],"wp:term":[{"taxonomy":"category","embeddable":true,"href":"https:\/\/www.caririemacao.com\/1\/wp-json\/wp\/v2\/categories?post=164398"},{"taxonomy":"post_tag","embeddable":true,"href":"https:\/\/www.caririemacao.com\/1\/wp-json\/wp\/v2\/tags?post=164398"}],"curies":[{"name":"wp","href":"https:\/\/api.w.org\/{rel}","templated":true}]}}