{"id":164407,"date":"2020-04-17T06:49:55","date_gmt":"2020-04-17T09:49:55","guid":{"rendered":"http:\/\/www.caririemacao.com\/1\/?p=164407"},"modified":"2020-04-17T06:49:57","modified_gmt":"2020-04-17T09:49:57","slug":"tecnico-do-barcelona-abre-as-portas-para-coutinho-e-neymar","status":"publish","type":"post","link":"https:\/\/www.caririemacao.com\/1\/2020\/04\/17\/tecnico-do-barcelona-abre-as-portas-para-coutinho-e-neymar\/","title":{"rendered":"T\u00e9cnico do Barcelona abre as portas para Coutinho e Neymar"},"content":{"rendered":"\n<p>Embora pare\u00e7a dif\u00edcil, Neymar e Philippe Coutinho podem voltar a jogar juntos. N\u00e3o \u00e9 pela Sele\u00e7\u00e3o Brasileira, mas no&nbsp;<strong>Barcelona<\/strong>.<\/p>\n\n\n\n<p>Em entrevista \u00e0 r\u00e1dio catal\u00e3 RAC1,&nbsp;<strong>Quique Seti\u00e9n<\/strong>, t\u00e9cnico da equipe catal\u00e3, revelou que conta com Coutinho ap\u00f3s o fim da temporada e que gosta de Neymar.<\/p>\n\n\n\n<p>O Barcelona emprestou Philippe Coutinho ao Bayern de Munique, ap\u00f3s uma passagem ruim do brasileiro na Espanha. Na Alemanha, o meio-campista oscilou bastante e ainda n\u00e3o conquistou definitivamente torcedores e dirigentes b\u00e1varos. A op\u00e7\u00e3o de compra do Bayern, depois do fim do contrato no valor de 120 milh\u00f5es de euros, n\u00e3o deve ser efetuada&nbsp;e o destino de Coutinho passou a ser uma inc\u00f3gnita.<\/p>\n\n\n\n<p>Confira os detalhes na mat\u00e9ria do rep\u00f3rter Mauricio Costa.<\/p>\n\n\n\n<p>Por conta da pandemia de coronav\u00edrus, os programas&nbsp;<a href=\"http:\/\/radios.ebc.com.br\/no-mundo-da-bola\">No Mundo da Bola<\/a>&nbsp;e&nbsp;<a href=\"http:\/\/radios.ebc.com.br\/bate-bola-nacional\" target=\"_blank\" rel=\"noreferrer noopener\">Bate Bola Nacional<\/a>&nbsp;est\u00e3o temporariamente suspensos e devem retornar \u00e0 grade da&nbsp;<a href=\"https:\/\/radios.ebc.com.br\/nacionalrioam\">R\u00e1dio Nacional do Rio de Janeiro<\/a>&nbsp;assim que poss\u00edvel.<\/p>\n","protected":false},"excerpt":{"rendered":"<p>Embora pare\u00e7a dif\u00edcil, Neymar e Philippe Coutinho podem voltar a jogar juntos. N\u00e3o \u00e9 pela Sele\u00e7\u00e3o Brasileira, mas no&nbsp;Barcelona. Em entrevista \u00e0 r\u00e1dio catal\u00e3 RAC1,&nbsp;Quique&hellip; <\/p>\n","protected":false},"author":2,"featured_media":137988,"comment_status":"closed","ping_status":"closed","sticky":false,"template":"","format":"standard","meta":{"sfsi_plus_gutenberg_text_before_share":"","sfsi_plus_gutenberg_show_text_before_share":"","sfsi_plus_gutenberg_icon_type":"","sfsi_plus_gutenberg_icon_alignemt":"","sfsi_plus_gutenburg_max_per_row":"","footnotes":""},"categories":[13],"tags":[],"class_list":["post-164407","post","type-post","status-publish","format-standard","has-post-thumbnail","hentry","category-esportes"],"_links":{"self":[{"href":"https:\/\/www.caririemacao.com\/1\/wp-json\/wp\/v2\/posts\/164407","targetHints":{"allow":["GET"]}}],"collection":[{"href":"https:\/\/www.caririemacao.com\/1\/wp-json\/wp\/v2\/posts"}],"about":[{"href":"https:\/\/www.caririemacao.com\/1\/wp-json\/wp\/v2\/types\/post"}],"author":[{"embeddable":true,"href":"https:\/\/www.caririemacao.com\/1\/wp-json\/wp\/v2\/users\/2"}],"replies":[{"embeddable":true,"href":"https:\/\/www.caririemacao.com\/1\/wp-json\/wp\/v2\/comments?post=164407"}],"version-history":[{"count":1,"href":"https:\/\/www.caririemacao.com\/1\/wp-json\/wp\/v2\/posts\/164407\/revisions"}],"predecessor-version":[{"id":164409,"href":"https:\/\/www.caririemacao.com\/1\/wp-json\/wp\/v2\/posts\/164407\/revisions\/164409"}],"wp:featuredmedia":[{"embeddable":true,"href":"https:\/\/www.caririemacao.com\/1\/wp-json\/wp\/v2\/media\/137988"}],"wp:attachment":[{"href":"https:\/\/www.caririemacao.com\/1\/wp-json\/wp\/v2\/media?parent=164407"}],"wp:term":[{"taxonomy":"category","embeddable":true,"href":"https:\/\/www.caririemacao.com\/1\/wp-json\/wp\/v2\/categories?post=164407"},{"taxonomy":"post_tag","embeddable":true,"href":"https:\/\/www.caririemacao.com\/1\/wp-json\/wp\/v2\/tags?post=164407"}],"curies":[{"name":"wp","href":"https:\/\/api.w.org\/{rel}","templated":true}]}}