{"id":164417,"date":"2020-04-17T06:57:42","date_gmt":"2020-04-17T09:57:42","guid":{"rendered":"http:\/\/www.caririemacao.com\/1\/?p=164417"},"modified":"2020-04-17T06:57:44","modified_gmt":"2020-04-17T09:57:44","slug":"bolsonaro-agradece-ex-ministro-e-bate-novamente-nos-governadores","status":"publish","type":"post","link":"https:\/\/www.caririemacao.com\/1\/2020\/04\/17\/bolsonaro-agradece-ex-ministro-e-bate-novamente-nos-governadores\/","title":{"rendered":"Bolsonaro agradece ex-ministro e bate novamente nos governadores"},"content":{"rendered":"\n<p>Ao lado do oncologista&nbsp;<a href=\"https:\/\/paraibaonline.com.br\/2020\/04\/novo-ministro-da-saude-nao-havera-mudanca-brusca-do-isolamento\/\">Nelson Teich<\/a>, indicado como novo ministro da Sa\u00fade, o presidente Jair Bolsonaro agradeceu&nbsp;<a href=\"https:\/\/paraibaonline.com.br\/2020\/04\/acabou-a-fritura-ministro-da-saude-foi-demitido\/\">Luiz Henrique Mandetta<\/a>&nbsp;por seu trabalho \u00e0 frente da pasta e voltou a criticar medidas restritivas de governadores.<\/p>\n\n\n\n<p>O presidente anunciou oficialmente Teich como novo ministro e comparou a sa\u00edda de Mandetta da pasta a um \u201cdiv\u00f3rcio consensual\u201d.<\/p>\n\n\n\n<p>\u201cFoi realmente um div\u00f3rcio consensual. Acima de mim como presidente e dele [Mandetta] como ainda ministro est\u00e1 a sa\u00fade do povo brasileiro. A vida para todos n\u00f3s est\u00e1 em primeira lugar\u201d, declarou Bolsonaro.<\/p>\n\n\n\n<p>Ele se referiu ainda \u00e0 conversa que teve com Mandetta na tarde desta quinta no Pal\u00e1cio do Planalto, quando demitiu o ministro. Segundo Bolsonaro, Mandetta aceitou participar de uma transi\u00e7\u00e3o no minist\u00e9rio com a equipe do novo ministro.<\/p>\n\n\n\n<p>Em seu discurso, o presidente voltou a criticar governadores e prefeitos pelo o que considera excessos nas a\u00e7\u00f5es de isolamento social, entre elas o fechamento de com\u00e9rcios.<\/p>\n\n\n\n<p>Para o presidente, essas a\u00e7\u00f5es prejudicam a economia e podem gerar danos t\u00e3o graves quanto a amea\u00e7a \u00e0 sa\u00fade representada pela Covid-19.<\/p>\n\n\n\n<p>\u201cQuem tem o poder de decretar estado de sitio \u00e9 o presidente, e n\u00e3o governador e prefeito\u201d, declarou. \u201cO rem\u00e9dio n\u00e3o pode ter efeito mais danoso que a pr\u00f3pria doen\u00e7a\u201d.<\/p>\n\n\n\n<p>\u201cDevemos tomar medidas sim para evitar a prolifera\u00e7\u00e3o ou expans\u00e3o do v\u00edrus, mas pelo convencimento e com medidas que n\u00e3o atinjam a liberdade e as garantias individuais de qualquer cidad\u00e3o\u201d, acrescentou o presidente.<\/p>\n\n\n\n<p>Em outra investida contra governadores, em especial contra Jo\u00e3o Doria (PSDB), de S\u00e3o Paulo, o presidente falou que jamais mandaria prender quem estivesse nas ruas em desrespeito a regras de quarentena.<\/p>\n\n\n\n<p>\u201cOs excessos que alguns cometeram, que se responsabilizem por eles. Eu jamais mandaria as minhas for\u00e7as armadas prenderem quem estivesse nas ruas\u201d.<\/p>\n\n\n\n<p>Teich se reuniu na manh\u00e3 desta quinta com Bolsonaro e ministros palacianos, quando foi convidado a assumir o cargo que era de Mandetta.<\/p>\n\n\n\n<p>Bolsonaro demitiu Mandetta nesta quinta, ap\u00f3s semanas de diverg\u00eancias p\u00fablicas sobre a resposta \u00e0 crise do Covid-19 no Brasil.<\/p>\n\n\n\n<p>Enquanto o agora ex-ministro defende medidas de isolamento social, o presidente apela pela volta \u00e0 normalidade e pelo fim do fechamento de com\u00e9rcios em estados e munic\u00edpios.<\/p>\n\n\n\n<p>Outro ponto central do choque entre o mandat\u00e1rio e seu subordinado \u00e9 o uso da cloroquina para pacientes do novo coronav\u00edrus.<\/p>\n\n\n\n<p>Bolsonaro \u00e9 um entusiasta do medicamento e quer que ele seja administrado inclusive para pacientes em est\u00e1gio inicial.<\/p>\n\n\n\n<p>Mandetta, por sua vez, tem repetido que ainda n\u00e3o h\u00e1 estudos cient\u00edficos provando a efic\u00e1cia da droga. O ex-ministro \u00e9 contra a ado\u00e7\u00e3o de um protocolo do governo recomendando a cloroquina, afirma que ela j\u00e1 \u00e9 usada no Brasil para casos de doentes internados \u2013 intubados ou n\u00e3o \u2013 e que seu emprego em outras situa\u00e7\u00f5es deve estar ancorado na rela\u00e7\u00e3o entre o m\u00e9dico e o paciente.<\/p>\n","protected":false},"excerpt":{"rendered":"<p>Ao lado do oncologista&nbsp;Nelson Teich, indicado como novo ministro da Sa\u00fade, o presidente Jair Bolsonaro agradeceu&nbsp;Luiz Henrique Mandetta&nbsp;por seu trabalho \u00e0 frente da pasta e&hellip; <\/p>\n","protected":false},"author":2,"featured_media":162359,"comment_status":"closed","ping_status":"closed","sticky":false,"template":"","format":"standard","meta":{"sfsi_plus_gutenberg_text_before_share":"","sfsi_plus_gutenberg_show_text_before_share":"","sfsi_plus_gutenberg_icon_type":"","sfsi_plus_gutenberg_icon_alignemt":"","sfsi_plus_gutenburg_max_per_row":"","footnotes":""},"categories":[11],"tags":[],"class_list":["post-164417","post","type-post","status-publish","format-standard","has-post-thumbnail","hentry","category-politica"],"_links":{"self":[{"href":"https:\/\/www.caririemacao.com\/1\/wp-json\/wp\/v2\/posts\/164417","targetHints":{"allow":["GET"]}}],"collection":[{"href":"https:\/\/www.caririemacao.com\/1\/wp-json\/wp\/v2\/posts"}],"about":[{"href":"https:\/\/www.caririemacao.com\/1\/wp-json\/wp\/v2\/types\/post"}],"author":[{"embeddable":true,"href":"https:\/\/www.caririemacao.com\/1\/wp-json\/wp\/v2\/users\/2"}],"replies":[{"embeddable":true,"href":"https:\/\/www.caririemacao.com\/1\/wp-json\/wp\/v2\/comments?post=164417"}],"version-history":[{"count":1,"href":"https:\/\/www.caririemacao.com\/1\/wp-json\/wp\/v2\/posts\/164417\/revisions"}],"predecessor-version":[{"id":164418,"href":"https:\/\/www.caririemacao.com\/1\/wp-json\/wp\/v2\/posts\/164417\/revisions\/164418"}],"wp:featuredmedia":[{"embeddable":true,"href":"https:\/\/www.caririemacao.com\/1\/wp-json\/wp\/v2\/media\/162359"}],"wp:attachment":[{"href":"https:\/\/www.caririemacao.com\/1\/wp-json\/wp\/v2\/media?parent=164417"}],"wp:term":[{"taxonomy":"category","embeddable":true,"href":"https:\/\/www.caririemacao.com\/1\/wp-json\/wp\/v2\/categories?post=164417"},{"taxonomy":"post_tag","embeddable":true,"href":"https:\/\/www.caririemacao.com\/1\/wp-json\/wp\/v2\/tags?post=164417"}],"curies":[{"name":"wp","href":"https:\/\/api.w.org\/{rel}","templated":true}]}}