{"id":164419,"date":"2020-04-17T07:01:18","date_gmt":"2020-04-17T10:01:18","guid":{"rendered":"http:\/\/www.caririemacao.com\/1\/?p=164419"},"modified":"2020-04-17T07:01:21","modified_gmt":"2020-04-17T10:01:21","slug":"superintendente-da-caixa-economica-na-pb-explica-medidas-de-atendimento-ao-publico","status":"publish","type":"post","link":"https:\/\/www.caririemacao.com\/1\/2020\/04\/17\/superintendente-da-caixa-economica-na-pb-explica-medidas-de-atendimento-ao-publico\/","title":{"rendered":"Superintendente da Caixa Econ\u00f4mica na PB explica medidas de atendimento ao p\u00fablico"},"content":{"rendered":"\n<p>O superintendente da Caixa Econ\u00f4mica Federal na Para\u00edba, Marcos Borges, explicou nesta quinta-feira (16) as medidas adotadas pela empresa para atender o p\u00fablico diante da alta demanda de servi\u00e7os.<\/p>\n\n\n\n<p>Apesar da redu\u00e7\u00e3o do atendimento, por for\u00e7a do decreto que visa conter a contamina\u00e7\u00e3o por Covid-19 no Estado, Marcos frisou que a Caixa tem feito um esfor\u00e7o enorme na Para\u00edba.<\/p>\n\n\n\n<p>\u2013 Os empregados est\u00e3o usando os equipamentos de prote\u00e7\u00e3o individual (EPIs), ou seja, luva, \u00e1lcool em gel, m\u00e1scara, para atender essa popula\u00e7\u00e3o da forma melhor poss\u00edvel da porta para dentro \u2013 disse.<\/p>\n\n\n\n<p>Da porta para fora, o superintendente destacou a presen\u00e7a de sinaliza\u00e7\u00e3o orientando os clientes a manterem uma dist\u00e2ncia m\u00ednima de 1 metro e meio.<\/p>\n\n\n\n<p>Ele contou tamb\u00e9m que os empregados est\u00e3o ajudando na organiza\u00e7\u00e3o das filas.<\/p>\n\n\n\n<p>\u2013 Al\u00e9m disso, estamos mantendo contato permanente com prefeituras, guardas municipais, Governo do Estado, \u00f3rg\u00e3os de controle, Procon, Minist\u00e9rio P\u00fablico, para nos ajudar nessa solu\u00e7\u00e3o \u2013 finalizou.<\/p>\n","protected":false},"excerpt":{"rendered":"<p>O superintendente da Caixa Econ\u00f4mica Federal na Para\u00edba, Marcos Borges, explicou nesta quinta-feira (16) as medidas adotadas pela empresa para atender o p\u00fablico diante da&hellip; <\/p>\n","protected":false},"author":2,"featured_media":164420,"comment_status":"closed","ping_status":"closed","sticky":false,"template":"","format":"standard","meta":{"sfsi_plus_gutenberg_text_before_share":"","sfsi_plus_gutenberg_show_text_before_share":"","sfsi_plus_gutenberg_icon_type":"","sfsi_plus_gutenberg_icon_alignemt":"","sfsi_plus_gutenburg_max_per_row":"","footnotes":""},"categories":[2],"tags":[],"class_list":["post-164419","post","type-post","status-publish","format-standard","has-post-thumbnail","hentry","category-geral"],"_links":{"self":[{"href":"https:\/\/www.caririemacao.com\/1\/wp-json\/wp\/v2\/posts\/164419","targetHints":{"allow":["GET"]}}],"collection":[{"href":"https:\/\/www.caririemacao.com\/1\/wp-json\/wp\/v2\/posts"}],"about":[{"href":"https:\/\/www.caririemacao.com\/1\/wp-json\/wp\/v2\/types\/post"}],"author":[{"embeddable":true,"href":"https:\/\/www.caririemacao.com\/1\/wp-json\/wp\/v2\/users\/2"}],"replies":[{"embeddable":true,"href":"https:\/\/www.caririemacao.com\/1\/wp-json\/wp\/v2\/comments?post=164419"}],"version-history":[{"count":1,"href":"https:\/\/www.caririemacao.com\/1\/wp-json\/wp\/v2\/posts\/164419\/revisions"}],"predecessor-version":[{"id":164421,"href":"https:\/\/www.caririemacao.com\/1\/wp-json\/wp\/v2\/posts\/164419\/revisions\/164421"}],"wp:featuredmedia":[{"embeddable":true,"href":"https:\/\/www.caririemacao.com\/1\/wp-json\/wp\/v2\/media\/164420"}],"wp:attachment":[{"href":"https:\/\/www.caririemacao.com\/1\/wp-json\/wp\/v2\/media?parent=164419"}],"wp:term":[{"taxonomy":"category","embeddable":true,"href":"https:\/\/www.caririemacao.com\/1\/wp-json\/wp\/v2\/categories?post=164419"},{"taxonomy":"post_tag","embeddable":true,"href":"https:\/\/www.caririemacao.com\/1\/wp-json\/wp\/v2\/tags?post=164419"}],"curies":[{"name":"wp","href":"https:\/\/api.w.org\/{rel}","templated":true}]}}