{"id":164426,"date":"2020-04-17T07:22:17","date_gmt":"2020-04-17T10:22:17","guid":{"rendered":"http:\/\/www.caririemacao.com\/1\/?p=164426"},"modified":"2020-04-17T07:22:19","modified_gmt":"2020-04-17T10:22:19","slug":"policia-prende-quadrilha-interestadual-que-planejava-ataque-a-carros-fortes-e-bancos","status":"publish","type":"post","link":"https:\/\/www.caririemacao.com\/1\/2020\/04\/17\/policia-prende-quadrilha-interestadual-que-planejava-ataque-a-carros-fortes-e-bancos\/","title":{"rendered":"Pol\u00edcia prende quadrilha interestadual que planejava ataque a carros-fortes e bancos"},"content":{"rendered":"\n<p>Uma quadrilha formada por criminosos de pelo menos quatro estados do Nordeste, que planejava atacar carros-fortes e bancos no Sert\u00e3o da Para\u00edba, foi desarticulada em uma opera\u00e7\u00e3o realizada nesta quinta-feira (16), na cidade de Aparecida.<\/p>\n\n\n\n<p>Foram presos seis suspeitos com todo o arsenal que seria usado nos crimes, composto por uma metralhadora ponto 50, quatro fuzis, uma pistola, v\u00e1rias muni\u00e7\u00f5es e explosivos.<\/p>\n\n\n\n<p>Conforme informa\u00e7\u00f5es do comandante do Policiamento Regional II (CPR-II) da Pol\u00edcia Militar da Para\u00edba, coronel Francisco Campos, as armas estavam escondidas por baixo da carroceria de um carro.<\/p>\n\n\n\n<p>\u201cA pris\u00e3o do bando \u00e9 resultado de um trabalho integrado entre a Pol\u00edcia Militar da Para\u00edba, Pol\u00edcia Federal do Rio Grande do Norte, Pol\u00edcia Federal da Para\u00edba e Pol\u00edcia Civil da Para\u00edba, que evitou com isso v\u00e1rios crimes contra carros-fortes e institui\u00e7\u00f5es financeiras, n\u00e3o s\u00f3 aqui no Estado. Eles estavam divididos em dois carros, com placas de Minas Gerais, e as armas e os explosivos estavam todos empacotados, por baixo da carroceria de um dos ve\u00edculos\u201d, disse.<\/p>\n\n\n\n<p>Os presos, cujas identidades est\u00e3o sendo confirmadas, s\u00e3o dos Estados do Maranh\u00e3o, Cear\u00e1, Pernambuco e Bahia. A opera\u00e7\u00e3o continuar\u00e1 para chegar at\u00e9 outros integrantes do bando.<\/p>\n\n\n\n<p>Os suspeitos e todo o arsenal apreendido ser\u00e3o levados para a sede da Pol\u00edcia Federal, em Patos.<\/p>\n","protected":false},"excerpt":{"rendered":"<p>Uma quadrilha formada por criminosos de pelo menos quatro estados do Nordeste, que planejava atacar carros-fortes e bancos no Sert\u00e3o da Para\u00edba, foi desarticulada em&hellip; <\/p>\n","protected":false},"author":2,"featured_media":164427,"comment_status":"closed","ping_status":"closed","sticky":false,"template":"","format":"standard","meta":{"sfsi_plus_gutenberg_text_before_share":"","sfsi_plus_gutenberg_show_text_before_share":"","sfsi_plus_gutenberg_icon_type":"","sfsi_plus_gutenberg_icon_alignemt":"","sfsi_plus_gutenburg_max_per_row":"","footnotes":""},"categories":[2],"tags":[],"class_list":["post-164426","post","type-post","status-publish","format-standard","has-post-thumbnail","hentry","category-geral"],"_links":{"self":[{"href":"https:\/\/www.caririemacao.com\/1\/wp-json\/wp\/v2\/posts\/164426","targetHints":{"allow":["GET"]}}],"collection":[{"href":"https:\/\/www.caririemacao.com\/1\/wp-json\/wp\/v2\/posts"}],"about":[{"href":"https:\/\/www.caririemacao.com\/1\/wp-json\/wp\/v2\/types\/post"}],"author":[{"embeddable":true,"href":"https:\/\/www.caririemacao.com\/1\/wp-json\/wp\/v2\/users\/2"}],"replies":[{"embeddable":true,"href":"https:\/\/www.caririemacao.com\/1\/wp-json\/wp\/v2\/comments?post=164426"}],"version-history":[{"count":1,"href":"https:\/\/www.caririemacao.com\/1\/wp-json\/wp\/v2\/posts\/164426\/revisions"}],"predecessor-version":[{"id":164428,"href":"https:\/\/www.caririemacao.com\/1\/wp-json\/wp\/v2\/posts\/164426\/revisions\/164428"}],"wp:featuredmedia":[{"embeddable":true,"href":"https:\/\/www.caririemacao.com\/1\/wp-json\/wp\/v2\/media\/164427"}],"wp:attachment":[{"href":"https:\/\/www.caririemacao.com\/1\/wp-json\/wp\/v2\/media?parent=164426"}],"wp:term":[{"taxonomy":"category","embeddable":true,"href":"https:\/\/www.caririemacao.com\/1\/wp-json\/wp\/v2\/categories?post=164426"},{"taxonomy":"post_tag","embeddable":true,"href":"https:\/\/www.caririemacao.com\/1\/wp-json\/wp\/v2\/tags?post=164426"}],"curies":[{"name":"wp","href":"https:\/\/api.w.org\/{rel}","templated":true}]}}