{"id":164429,"date":"2020-04-17T07:25:54","date_gmt":"2020-04-17T10:25:54","guid":{"rendered":"http:\/\/www.caririemacao.com\/1\/?p=164429"},"modified":"2020-04-17T07:25:56","modified_gmt":"2020-04-17T10:25:56","slug":"novo-ministro-da-saude-nao-havera-mudanca-brusca-do-isolamento","status":"publish","type":"post","link":"https:\/\/www.caririemacao.com\/1\/2020\/04\/17\/novo-ministro-da-saude-nao-havera-mudanca-brusca-do-isolamento\/","title":{"rendered":"Novo ministro da Sa\u00fade: n\u00e3o haver\u00e1 mudan\u00e7a brusca do isolamento"},"content":{"rendered":"\n<p>&nbsp;O novo ministro da Sa\u00fade, Nelson Teich, disse na tarde desta quinta-feira (16) que est\u00e1 alinhado ao presidente Jair Bolsonaro (sem partido) e que n\u00e3o haver\u00e1 nenhuma defini\u00e7\u00e3o brusca sobre isolamento social.<\/p>\n\n\n\n<p>\u201cN\u00e3o vai haver qualquer defini\u00e7\u00e3o brusca ou radical do que vai acontecer\u201d, disse o substituto de&nbsp;<a href=\"https:\/\/paraibaonline.com.br\/2020\/04\/acabou-a-fritura-ministro-da-saude-foi-demitido\/\">Luiz Henrique Mandetta<\/a>, demitido pouco antes de Teich ser anunciado.<\/p>\n\n\n\n<p>Em pronunciamento feito ao lado de Bolsonaro, o novo titular da Sa\u00fade disse que \u00e9 preciso haver informa\u00e7\u00e3o para a tomada de qualquer decis\u00e3o.<\/p>\n\n\n\n<p>\u201cTudo aqui vai ser tratado de uma forma t\u00e9cnica e cient\u00edfica\u201d, disse ele, que afirmou estar em conson\u00e2ncia com o presidente. \u201cExiste um alinhamento completo entre mim e o presidente e o minist\u00e9rio\u201d.<\/p>\n\n\n\n<p>E, j\u00e1 na mesma toada de Bolsonaro, falou de sa\u00fade e economia. \u201cEssas coisas n\u00e3o competem entre si. S\u00e3o completamente complementares\u201d, disse Teich.<\/p>\n\n\n\n<p>A rela\u00e7\u00e3o entre Bolsonaro e Mandetta estava desgastada havia cerca de um m\u00eas por diverg\u00eancias na condu\u00e7\u00e3o do combate \u00e0 pandemia do coronav\u00edrus. A situa\u00e7\u00e3o piorou ap\u00f3s entrevista do ministro \u00e0 TV Globo no \u00faltimo domingo (12).<\/p>\n\n\n\n<p>A sa\u00edda de Mandetta \u00e9 esperada desde a semana passada. Ainda na manh\u00e3 desta quinta, o agora ex-ministro disse teria mudan\u00e7a em breve.<\/p>\n\n\n\n<p>\u201cDevemos ter uma situa\u00e7\u00e3o de troca no minist\u00e9rio que deve se concretizar hoje ou amanh\u00e3\u201d, disse o agora ex-ministro.<\/p>\n\n\n\n<p>Al\u00e9m da vis\u00edvel perda de sustenta\u00e7\u00e3o entre os militares, que consideraram o tom da entrevista um ato de insubordina\u00e7\u00e3o, Bolsonaro levou em conta que at\u00e9 mesmo alguns l\u00edderes do Congresso criticaram o tom do ministro.<\/p>\n\n\n\n<p>A falta de fortes mobiliza\u00e7\u00f5es nas redes sociais em defesa do titular da Sa\u00fade tamb\u00e9m foi lida pelo presidente como uma brecha para efetuar a demiss\u00e3o.<\/p>\n\n\n\n<p>Na entrevista \u00e0 Globo, domingo, Mandetta disse que a popula\u00e7\u00e3o n\u00e3o sabe se deve seguir as recomenda\u00e7\u00f5es do Minist\u00e9rio da Sa\u00fade (favor\u00e1vel ao isolamento social) ou de Bolsonaro (cr\u00edtico de medidas como o fechamento de com\u00e9rcios, por exemplo).<\/p>\n\n\n\n<p>Mandetta tamb\u00e9m havia criticado quem rompe as regras de distanciamento para ir \u00e0 padaria, numa cr\u00edtica a Bolsonaro \u2013 o presidente foi na semana passada a um estabelecimento do tipo em Bras\u00edlia e consumiu alimentos no balc\u00e3o.<\/p>\n","protected":false},"excerpt":{"rendered":"<p>&nbsp;O novo ministro da Sa\u00fade, Nelson Teich, disse na tarde desta quinta-feira (16) que est\u00e1 alinhado ao presidente Jair Bolsonaro (sem partido) e que n\u00e3o&hellip; <\/p>\n","protected":false},"author":2,"featured_media":164430,"comment_status":"closed","ping_status":"closed","sticky":false,"template":"","format":"standard","meta":{"sfsi_plus_gutenberg_text_before_share":"","sfsi_plus_gutenberg_show_text_before_share":"","sfsi_plus_gutenberg_icon_type":"","sfsi_plus_gutenberg_icon_alignemt":"","sfsi_plus_gutenburg_max_per_row":"","footnotes":""},"categories":[2],"tags":[],"class_list":["post-164429","post","type-post","status-publish","format-standard","has-post-thumbnail","hentry","category-geral"],"_links":{"self":[{"href":"https:\/\/www.caririemacao.com\/1\/wp-json\/wp\/v2\/posts\/164429","targetHints":{"allow":["GET"]}}],"collection":[{"href":"https:\/\/www.caririemacao.com\/1\/wp-json\/wp\/v2\/posts"}],"about":[{"href":"https:\/\/www.caririemacao.com\/1\/wp-json\/wp\/v2\/types\/post"}],"author":[{"embeddable":true,"href":"https:\/\/www.caririemacao.com\/1\/wp-json\/wp\/v2\/users\/2"}],"replies":[{"embeddable":true,"href":"https:\/\/www.caririemacao.com\/1\/wp-json\/wp\/v2\/comments?post=164429"}],"version-history":[{"count":1,"href":"https:\/\/www.caririemacao.com\/1\/wp-json\/wp\/v2\/posts\/164429\/revisions"}],"predecessor-version":[{"id":164431,"href":"https:\/\/www.caririemacao.com\/1\/wp-json\/wp\/v2\/posts\/164429\/revisions\/164431"}],"wp:featuredmedia":[{"embeddable":true,"href":"https:\/\/www.caririemacao.com\/1\/wp-json\/wp\/v2\/media\/164430"}],"wp:attachment":[{"href":"https:\/\/www.caririemacao.com\/1\/wp-json\/wp\/v2\/media?parent=164429"}],"wp:term":[{"taxonomy":"category","embeddable":true,"href":"https:\/\/www.caririemacao.com\/1\/wp-json\/wp\/v2\/categories?post=164429"},{"taxonomy":"post_tag","embeddable":true,"href":"https:\/\/www.caririemacao.com\/1\/wp-json\/wp\/v2\/tags?post=164429"}],"curies":[{"name":"wp","href":"https:\/\/api.w.org\/{rel}","templated":true}]}}