{"id":164433,"date":"2020-04-17T07:27:31","date_gmt":"2020-04-17T10:27:31","guid":{"rendered":"http:\/\/www.caririemacao.com\/1\/?p=164433"},"modified":"2020-04-17T07:27:33","modified_gmt":"2020-04-17T10:27:33","slug":"joao-azevedo-sanciona-lei-que-proibe-despejo-aumento-de-precos-corte-de-agua-luz-e-gas","status":"publish","type":"post","link":"https:\/\/www.caririemacao.com\/1\/2020\/04\/17\/joao-azevedo-sanciona-lei-que-proibe-despejo-aumento-de-precos-corte-de-agua-luz-e-gas\/","title":{"rendered":"Jo\u00e3o Azev\u00eado sanciona lei que pro\u00edbe despejo, aumento de pre\u00e7os, corte de \u00e1gua, luz e g\u00e1s"},"content":{"rendered":"\n<p>Uma lei publicada no Di\u00e1rio Oficial desta quinta-feira (16)&nbsp;estabelece a proibi\u00e7\u00e3o dos despejos de bares e restaurantes lotados em shoppings e centros comerciais, bem como tamb\u00e9m os&nbsp;corte de \u00e1gua, luz e g\u00e1s.&nbsp;A nova lei N\u00ba 11.676, de autoria dos deputados Wilson Filho e Adriano Galdino, sancionada pelo governador Jo\u00e3o Azev\u00eado pro\u00edbe as empresas de concess\u00e3o de servi\u00e7os p\u00fablicos de \u00e1gua e tratamento de esgoto, g\u00e1s, energia el\u00e9trica e telefonia de interromper o fornecimento de seus servi\u00e7os, nas unidades domiciliares cuja renda&nbsp;familiar n\u00e3o ultrapasse o valor de 05 (cinco) sal\u00e1rios m\u00ednimos.<\/p>\n\n\n\n<p><strong>Leia mais:&nbsp;<\/strong><a href=\"https:\/\/www.clickpb.com.br\/paraiba\/servicos-de-delivery-na-paraiba-terao-que-garantir-equipamentos-de-protecao-individual-entregadores-282312.html\">Governador sanciona lei que obriga servi\u00e7os de delivery a fornecer equipamentos de prote\u00e7\u00e3o individual a entregadores<\/a><\/p>\n\n\n\n<p>A decis\u00e3o refor\u00e7a outras medidas j\u00e1 adotadas pelo governo como forma de evitar que fam\u00edlias fossem prejudicadas em&nbsp;face de atrasos no pagamento da fatura, mesmo diante a&nbsp;decreta\u00e7\u00e3o&nbsp;de Situa\u00e7\u00e3o de Emerg\u00eancia ou de estado de Calamidade P\u00fablica,&nbsp;pelo prazo de 90 (noventa) dias, prorrog\u00e1veis ou enquanto durar o&nbsp;referido per\u00edodo de anormalidade.&nbsp;<\/p>\n\n\n\n<p>Fica tamb\u00e9m proibida a realiza\u00e7\u00e3o de despejo por falta de pagamento enquanto<br>durar o per\u00edodo de anormalidade, medida que se estende tamb\u00e9m aos pontos comerciais que&nbsp;se encontram em centros empresariais e shoppings centers no Estado da Para\u00edba.<\/p>\n\n\n\n<p>O descumprimento da lei por centros empresariais ou shoppings centers no Estado da Para\u00edba ensejar\u00e1 em multa no valor de 1.000 (um mil) at\u00e9 2.000 (dois mil) Unidades Fiscais de Refer\u00eancia do Estado da Para\u00edba (UFR-PB) por estabelecimento despejado.<\/p>\n\n\n\n<figure class=\"wp-block-image\"><img decoding=\"async\" data-src=\"https:\/\/www.clickpb.com.br\/media\/filer_public\/9d\/74\/9d74cb11-58da-4424-89a0-0a686a77d5f0\/lei_11676.jpg\" alt=\"\" src=\"data:image\/svg+xml;base64,PHN2ZyB3aWR0aD0iMSIgaGVpZ2h0PSIxIiB4bWxucz0iaHR0cDovL3d3dy53My5vcmcvMjAwMC9zdmciPjwvc3ZnPg==\" class=\"lazyload\" \/><\/figure>\n","protected":false},"excerpt":{"rendered":"<p>Uma lei publicada no Di\u00e1rio Oficial desta quinta-feira (16)&nbsp;estabelece a proibi\u00e7\u00e3o dos despejos de bares e restaurantes lotados em shoppings e centros comerciais, bem como&hellip; <\/p>\n","protected":false},"author":2,"featured_media":164434,"comment_status":"closed","ping_status":"closed","sticky":false,"template":"","format":"standard","meta":{"sfsi_plus_gutenberg_text_before_share":"","sfsi_plus_gutenberg_show_text_before_share":"","sfsi_plus_gutenberg_icon_type":"","sfsi_plus_gutenberg_icon_alignemt":"","sfsi_plus_gutenburg_max_per_row":"","footnotes":""},"categories":[2],"tags":[],"class_list":["post-164433","post","type-post","status-publish","format-standard","has-post-thumbnail","hentry","category-geral"],"_links":{"self":[{"href":"https:\/\/www.caririemacao.com\/1\/wp-json\/wp\/v2\/posts\/164433","targetHints":{"allow":["GET"]}}],"collection":[{"href":"https:\/\/www.caririemacao.com\/1\/wp-json\/wp\/v2\/posts"}],"about":[{"href":"https:\/\/www.caririemacao.com\/1\/wp-json\/wp\/v2\/types\/post"}],"author":[{"embeddable":true,"href":"https:\/\/www.caririemacao.com\/1\/wp-json\/wp\/v2\/users\/2"}],"replies":[{"embeddable":true,"href":"https:\/\/www.caririemacao.com\/1\/wp-json\/wp\/v2\/comments?post=164433"}],"version-history":[{"count":1,"href":"https:\/\/www.caririemacao.com\/1\/wp-json\/wp\/v2\/posts\/164433\/revisions"}],"predecessor-version":[{"id":164435,"href":"https:\/\/www.caririemacao.com\/1\/wp-json\/wp\/v2\/posts\/164433\/revisions\/164435"}],"wp:featuredmedia":[{"embeddable":true,"href":"https:\/\/www.caririemacao.com\/1\/wp-json\/wp\/v2\/media\/164434"}],"wp:attachment":[{"href":"https:\/\/www.caririemacao.com\/1\/wp-json\/wp\/v2\/media?parent=164433"}],"wp:term":[{"taxonomy":"category","embeddable":true,"href":"https:\/\/www.caririemacao.com\/1\/wp-json\/wp\/v2\/categories?post=164433"},{"taxonomy":"post_tag","embeddable":true,"href":"https:\/\/www.caririemacao.com\/1\/wp-json\/wp\/v2\/tags?post=164433"}],"curies":[{"name":"wp","href":"https:\/\/api.w.org\/{rel}","templated":true}]}}