{"id":164436,"date":"2020-04-17T07:30:02","date_gmt":"2020-04-17T10:30:02","guid":{"rendered":"http:\/\/www.caririemacao.com\/1\/?p=164436"},"modified":"2020-04-17T07:30:03","modified_gmt":"2020-04-17T10:30:03","slug":"confirmada-primeira-morte-por-covid-19-em-campina-grande","status":"publish","type":"post","link":"https:\/\/www.caririemacao.com\/1\/2020\/04\/17\/confirmada-primeira-morte-por-covid-19-em-campina-grande\/","title":{"rendered":"Confirmada primeira morte por covid-19 em Campina Grande"},"content":{"rendered":"\n<p>Foi confirmada a primeira morte por covid-19 em Campina Grande. A v\u00edtima era um homem, portador de c\u00e2ncer, que estava internado em unidade p\u00fablica. De acordo com as informa\u00e7\u00f5es da Secretaria de Estado da Sa\u00fade divulgadas no fim da tarde desta quinta-feira (16), o total de mortes por covid-19 na Para\u00edba chegou a&nbsp;26.<\/p>\n\n\n\n<p>Os casos confirmados tamb\u00e9m tiveram alta, de 165 para 195.&nbsp;<\/p>\n\n\n\n<p>O n\u00famero de casos descartados aumentou para 979. A Para\u00edba tem 80 recuperados da infec\u00e7\u00e3o pela Covid-19.<\/p>\n\n\n\n<p><strong>LEIA MAIS<\/strong>:&nbsp;<a href=\"https:\/\/www.clickpb.com.br\/paraiba\/itau-fecha-agencia-em-campina-grande-apos-suspeita-de-coronavirus-em-funcionarios-282296.html\">Ita\u00fa fecha ag\u00eancia em Campina Grande ap\u00f3s suspeita de coronav\u00edrus em funcion\u00e1rios<\/a><br><\/p>\n\n\n\n<p>Os casos est\u00e3o distribu\u00eddos em 14 munic\u00edpios: Jo\u00e3o Pessoa (142), Santa Rita (17), Campina Grande (8), Cabedelo (7), Bayeux (6), Junco do Serid\u00f3 (3), Patos (5), Serra Branca (1), Sap\u00e9 (1),&nbsp; Sousa (1), Igaracy (1), Tapero\u00e1 (1), S\u00e3o Jo\u00e3o do Rio do Peixe (1) e Pombal (1).&nbsp;<\/p>\n\n\n\n<p>Dos \u00f3bitos confirmados nesta quinta, trata-se:<\/p>\n\n\n\n<ul class=\"wp-block-list\"><li>Homem, 67 anos, morador do munic\u00edpio Campina Grande, portador de c\u00e2ncer. Estava internado em unidade p\u00fablica vindo a \u00f3bito em 15\/04.<\/li><li>Homem, 42 anos, residente do munic\u00edpio de Patos. Portador de C\u00e2ncer. Estava internado em hospital p\u00fablico e veio a \u00f3bito no dia 12\/04.<\/li><\/ul>\n\n\n\n<p>No momento, 75 pessoas est\u00e3o internadas com notifica\u00e7\u00e3o de suspeita para Covid-19, sendo 57 em enfermaria (32 p\u00fablico\/25 privado) e 18 na UTI (10 p\u00fablico\/8 privado).<\/p>\n\n\n\n<p>Os demais casos hospitalizados e com resultado n\u00e3o detect\u00e1vel seguem em investiga\u00e7\u00e3o para demais v\u00edrus.<\/p>\n","protected":false},"excerpt":{"rendered":"<p>Foi confirmada a primeira morte por covid-19 em Campina Grande. A v\u00edtima era um homem, portador de c\u00e2ncer, que estava internado em unidade p\u00fablica. De&hellip; <\/p>\n","protected":false},"author":2,"featured_media":164437,"comment_status":"closed","ping_status":"closed","sticky":false,"template":"","format":"standard","meta":{"sfsi_plus_gutenberg_text_before_share":"","sfsi_plus_gutenberg_show_text_before_share":"","sfsi_plus_gutenberg_icon_type":"","sfsi_plus_gutenberg_icon_alignemt":"","sfsi_plus_gutenburg_max_per_row":"","footnotes":""},"categories":[2],"tags":[],"class_list":["post-164436","post","type-post","status-publish","format-standard","has-post-thumbnail","hentry","category-geral"],"_links":{"self":[{"href":"https:\/\/www.caririemacao.com\/1\/wp-json\/wp\/v2\/posts\/164436","targetHints":{"allow":["GET"]}}],"collection":[{"href":"https:\/\/www.caririemacao.com\/1\/wp-json\/wp\/v2\/posts"}],"about":[{"href":"https:\/\/www.caririemacao.com\/1\/wp-json\/wp\/v2\/types\/post"}],"author":[{"embeddable":true,"href":"https:\/\/www.caririemacao.com\/1\/wp-json\/wp\/v2\/users\/2"}],"replies":[{"embeddable":true,"href":"https:\/\/www.caririemacao.com\/1\/wp-json\/wp\/v2\/comments?post=164436"}],"version-history":[{"count":1,"href":"https:\/\/www.caririemacao.com\/1\/wp-json\/wp\/v2\/posts\/164436\/revisions"}],"predecessor-version":[{"id":164438,"href":"https:\/\/www.caririemacao.com\/1\/wp-json\/wp\/v2\/posts\/164436\/revisions\/164438"}],"wp:featuredmedia":[{"embeddable":true,"href":"https:\/\/www.caririemacao.com\/1\/wp-json\/wp\/v2\/media\/164437"}],"wp:attachment":[{"href":"https:\/\/www.caririemacao.com\/1\/wp-json\/wp\/v2\/media?parent=164436"}],"wp:term":[{"taxonomy":"category","embeddable":true,"href":"https:\/\/www.caririemacao.com\/1\/wp-json\/wp\/v2\/categories?post=164436"},{"taxonomy":"post_tag","embeddable":true,"href":"https:\/\/www.caririemacao.com\/1\/wp-json\/wp\/v2\/tags?post=164436"}],"curies":[{"name":"wp","href":"https:\/\/api.w.org\/{rel}","templated":true}]}}