{"id":164443,"date":"2020-04-17T07:36:48","date_gmt":"2020-04-17T10:36:48","guid":{"rendered":"http:\/\/www.caririemacao.com\/1\/?p=164443"},"modified":"2020-04-17T07:36:51","modified_gmt":"2020-04-17T10:36:51","slug":"bolsonaro-compartilha-video-do-vice-presidente-da-cnc-acusando-estados-de-chantagem","status":"publish","type":"post","link":"https:\/\/www.caririemacao.com\/1\/2020\/04\/17\/bolsonaro-compartilha-video-do-vice-presidente-da-cnc-acusando-estados-de-chantagem\/","title":{"rendered":"Bolsonaro compartilha v\u00eddeo do vice-presidente da CNC acusando estados de &#8220;chantagem&#8221;"},"content":{"rendered":"\n<p>O presidente Jair Bolsonaro compartilhou em suas redes sociais um v\u00eddeo no qual o vice-presidente da Confedera\u00e7\u00e3o Nacional do Com\u00e9rcio (CNC), Francisco Valdeci de Souza Cavalcante, afirma que n\u00e3o h\u00e1 raz\u00f5es t\u00e9cnicas e cient\u00edficas que sustentem a necessidade do isolamento social imposto nos Estados e munic\u00edpios do Brasil para conter o avan\u00e7o da pandemia do novo coronav\u00edrus.<\/p>\n\n\n\n<p>Segundo ele, os governadores e prefeitos est\u00e3o usando a quarentena para chantagear o governo federal e, assim, receber a verba prevista no plano de socorro aos Estados aprovado pela C\u00e2mara dos Deputados e que agora tramita no Senado.<\/p>\n\n\n\n<p>&#8220;Eles (prefeitos e governadores) querem tirar R$ 180 bilh\u00f5es do Tesouro para gastar com farras, querem fazer compras sem licita\u00e7\u00e3o&#8221;, disse Valdeci, que ainda acusou os mandat\u00e1rios estaduais e municipais de quererem desviar para eles pr\u00f3prios o dinheiro do governo federal.<\/p>\n\n\n\n<figure class=\"wp-block-image\"><img decoding=\"async\" data-src=\"https:\/\/www.clickpb.com.br\/media\/filer_public\/37\/9c\/379c0a29-7c25-4fc6-a5ef-bcb13733079f\/screenshot_1.jpg\" alt=\"\" src=\"data:image\/svg+xml;base64,PHN2ZyB3aWR0aD0iMSIgaGVpZ2h0PSIxIiB4bWxucz0iaHR0cDovL3d3dy53My5vcmcvMjAwMC9zdmciPjwvc3ZnPg==\" class=\"lazyload\" \/><\/figure>\n\n\n\n<p>Cavalcante ainda minimiza o impacto da covid-19 para a sa\u00fade p\u00fablica e d\u00e1 a entender que a paralisa\u00e7\u00e3o da atividade econ\u00f4mica ser\u00e1 mais prejudicial que o v\u00edrus, em posi\u00e7\u00e3o similar ao que defende Jair Bolsonaro.<\/p>\n\n\n\n<p>O vice-presidente da CNC tamb\u00e9m afirma que a quarentena imposta pelos Estados \u00e9 inconstitucional pois, segundo ele, a medida s\u00f3 poderia ser adotada com a autoriza\u00e7\u00e3o da Ag\u00eancia Nacional de Vigil\u00e2ncia Sanit\u00e1ria (Anvisa).<\/p>\n\n\n\n<figure><iframe width=\"744\" height=\"409\" data-src=\"https:\/\/www.youtube.com\/embed\/ntdrvrGCvvg\" allowfullscreen=\"\" src=\"data:image\/svg+xml;base64,PHN2ZyB3aWR0aD0iMSIgaGVpZ2h0PSIxIiB4bWxucz0iaHR0cDovL3d3dy53My5vcmcvMjAwMC9zdmciPjwvc3ZnPg==\" class=\"lazyload\" data-load-mode=\"1\"><\/iframe><\/figure>\n\n\n\n<p>Uma decis\u00e3o tomada nesta quarta-feira (15) pelo Supremo Tribunal Federal (STF), por\u00e9m, autorizou governadores e prefeitos a determinarem o isolamento social nos Estados e munic\u00edpio, contrariando a Medida Provis\u00f3ria 926, editada em mar\u00e7o por Bolsonaro, que concentrava no governo federal as decis\u00f5es sobre a quarentena.<\/p>\n","protected":false},"excerpt":{"rendered":"<p>O presidente Jair Bolsonaro compartilhou em suas redes sociais um v\u00eddeo no qual o vice-presidente da Confedera\u00e7\u00e3o Nacional do Com\u00e9rcio (CNC), Francisco Valdeci de Souza&hellip; <\/p>\n","protected":false},"author":2,"featured_media":164444,"comment_status":"closed","ping_status":"closed","sticky":false,"template":"","format":"standard","meta":{"sfsi_plus_gutenberg_text_before_share":"","sfsi_plus_gutenberg_show_text_before_share":"","sfsi_plus_gutenberg_icon_type":"","sfsi_plus_gutenberg_icon_alignemt":"","sfsi_plus_gutenburg_max_per_row":"","footnotes":""},"categories":[50,11],"tags":[],"class_list":["post-164443","post","type-post","status-publish","format-standard","has-post-thumbnail","hentry","category-destaque","category-politica"],"_links":{"self":[{"href":"https:\/\/www.caririemacao.com\/1\/wp-json\/wp\/v2\/posts\/164443","targetHints":{"allow":["GET"]}}],"collection":[{"href":"https:\/\/www.caririemacao.com\/1\/wp-json\/wp\/v2\/posts"}],"about":[{"href":"https:\/\/www.caririemacao.com\/1\/wp-json\/wp\/v2\/types\/post"}],"author":[{"embeddable":true,"href":"https:\/\/www.caririemacao.com\/1\/wp-json\/wp\/v2\/users\/2"}],"replies":[{"embeddable":true,"href":"https:\/\/www.caririemacao.com\/1\/wp-json\/wp\/v2\/comments?post=164443"}],"version-history":[{"count":1,"href":"https:\/\/www.caririemacao.com\/1\/wp-json\/wp\/v2\/posts\/164443\/revisions"}],"predecessor-version":[{"id":164445,"href":"https:\/\/www.caririemacao.com\/1\/wp-json\/wp\/v2\/posts\/164443\/revisions\/164445"}],"wp:featuredmedia":[{"embeddable":true,"href":"https:\/\/www.caririemacao.com\/1\/wp-json\/wp\/v2\/media\/164444"}],"wp:attachment":[{"href":"https:\/\/www.caririemacao.com\/1\/wp-json\/wp\/v2\/media?parent=164443"}],"wp:term":[{"taxonomy":"category","embeddable":true,"href":"https:\/\/www.caririemacao.com\/1\/wp-json\/wp\/v2\/categories?post=164443"},{"taxonomy":"post_tag","embeddable":true,"href":"https:\/\/www.caririemacao.com\/1\/wp-json\/wp\/v2\/tags?post=164443"}],"curies":[{"name":"wp","href":"https:\/\/api.w.org\/{rel}","templated":true}]}}