{"id":164447,"date":"2020-04-17T07:38:01","date_gmt":"2020-04-17T10:38:01","guid":{"rendered":"http:\/\/www.caririemacao.com\/1\/?p=164447"},"modified":"2020-04-17T07:38:03","modified_gmt":"2020-04-17T10:38:03","slug":"lewandowski-vota-pela-validade-de-acordos-individuais","status":"publish","type":"post","link":"https:\/\/www.caririemacao.com\/1\/2020\/04\/17\/lewandowski-vota-pela-validade-de-acordos-individuais\/","title":{"rendered":"Lewandowski vota pela validade de acordos individuais"},"content":{"rendered":"\n<p>O ministro do Supremo Tribunal Federal (STF) Ricardo Lewandowski proferiu, h\u00e1 pouco, voto para confirmar a validade dos acordos individuais entre empresas e empregados para redu\u00e7\u00e3o de jornada e sal\u00e1rios. Os acordos est\u00e3o previstos na Medida Provis\u00f3ria 936\/2020, editada para preservar o v\u00ednculo empregat\u00edcio e permitir acesso a benef\u00edcios durante os efeitos da pandemia do novo coronav\u00edrus na economia. A sess\u00e3o \u00e9 realizada por videoconfer\u00eancia.&nbsp;<\/p>\n\n\n\n<p>Pelo entendimento, os acordos individuais t\u00eam validade imediata ap\u00f3s a assinatura, possibilitando acesso aos benef\u00edcios, mas os sindicatos podem propor acordo&nbsp; coletivo, que ter\u00e1 preval\u00eancia ao individual se for mais ben\u00e9fico ao trabalhador.&nbsp;<\/p>\n\n\n\n<p>A Corte julga nesta tarde se vai referendar a liminar de Lewandowski, proferida no dia 6 de abril, para garantir que os sindicatos n\u00e3o podem ser exclu\u00eddos das negocia\u00e7\u00f5es individuais e devem ser comunicados em at\u00e9 dez dias para analisarem os acordos individuais e, se quiserem, fazer uma proposta coletiva. O ministro atendeu pedido da Rede para considerar ilegal parte da interpreta\u00e7\u00e3o jur\u00eddica da MP.&nbsp;<\/p>\n\n\n\n<p>Segundo o ministro, os sindicatos devem ter participa\u00e7\u00e3o obrigat\u00f3ria nas negocia\u00e7\u00f5es, conforme determina a Constitui\u00e7\u00e3o.&nbsp;<\/p>\n\n\n\n<p>\u201c\u00c9 justamente nos momentos de crise que \u00e9 preciso ouvir todas as for\u00e7as sociais para que haja consenso nas medidas excepcionais que precisam ser tomadas\u201d, afirmou.&nbsp;<\/p>\n\n\n\n<p>Ap\u00f3s o voto de Lewandowski, a sess\u00e3o foi suspensa para o intervalo. Mais nove ministros devem votar.<\/p>\n\n\n\n<p>Duas horas ap\u00f3s a suspens\u00e3o, o presidente do STF, Dias Toffoli, comunicou que, devido a um problema t\u00e9cnico, n\u00e3o foi poss\u00edvel retomar a transmiss\u00e3o da videoconfer\u00eancia. O julgamento vai continuar nesta sexta-feira (17). Segundo o ministro, houve uma queda no data-center da empresa respons\u00e1vel pelo programa que permite o julgamento remoto.&nbsp;<\/p>\n","protected":false},"excerpt":{"rendered":"<p>O ministro do Supremo Tribunal Federal (STF) Ricardo Lewandowski proferiu, h\u00e1 pouco, voto para confirmar a validade dos acordos individuais entre empresas e empregados para&hellip; <\/p>\n","protected":false},"author":2,"featured_media":164448,"comment_status":"closed","ping_status":"closed","sticky":false,"template":"","format":"standard","meta":{"sfsi_plus_gutenberg_text_before_share":"","sfsi_plus_gutenberg_show_text_before_share":"","sfsi_plus_gutenberg_icon_type":"","sfsi_plus_gutenberg_icon_alignemt":"","sfsi_plus_gutenburg_max_per_row":"","footnotes":""},"categories":[2],"tags":[],"class_list":["post-164447","post","type-post","status-publish","format-standard","has-post-thumbnail","hentry","category-geral"],"_links":{"self":[{"href":"https:\/\/www.caririemacao.com\/1\/wp-json\/wp\/v2\/posts\/164447","targetHints":{"allow":["GET"]}}],"collection":[{"href":"https:\/\/www.caririemacao.com\/1\/wp-json\/wp\/v2\/posts"}],"about":[{"href":"https:\/\/www.caririemacao.com\/1\/wp-json\/wp\/v2\/types\/post"}],"author":[{"embeddable":true,"href":"https:\/\/www.caririemacao.com\/1\/wp-json\/wp\/v2\/users\/2"}],"replies":[{"embeddable":true,"href":"https:\/\/www.caririemacao.com\/1\/wp-json\/wp\/v2\/comments?post=164447"}],"version-history":[{"count":1,"href":"https:\/\/www.caririemacao.com\/1\/wp-json\/wp\/v2\/posts\/164447\/revisions"}],"predecessor-version":[{"id":164449,"href":"https:\/\/www.caririemacao.com\/1\/wp-json\/wp\/v2\/posts\/164447\/revisions\/164449"}],"wp:featuredmedia":[{"embeddable":true,"href":"https:\/\/www.caririemacao.com\/1\/wp-json\/wp\/v2\/media\/164448"}],"wp:attachment":[{"href":"https:\/\/www.caririemacao.com\/1\/wp-json\/wp\/v2\/media?parent=164447"}],"wp:term":[{"taxonomy":"category","embeddable":true,"href":"https:\/\/www.caririemacao.com\/1\/wp-json\/wp\/v2\/categories?post=164447"},{"taxonomy":"post_tag","embeddable":true,"href":"https:\/\/www.caririemacao.com\/1\/wp-json\/wp\/v2\/tags?post=164447"}],"curies":[{"name":"wp","href":"https:\/\/api.w.org\/{rel}","templated":true}]}}