{"id":164454,"date":"2020-04-17T07:45:21","date_gmt":"2020-04-17T10:45:21","guid":{"rendered":"http:\/\/www.caririemacao.com\/1\/?p=164454"},"modified":"2020-04-17T07:45:23","modified_gmt":"2020-04-17T10:45:23","slug":"joao-critica-demissao-de-mandetta-por-ciumes-em-momento-delicado","status":"publish","type":"post","link":"https:\/\/www.caririemacao.com\/1\/2020\/04\/17\/joao-critica-demissao-de-mandetta-por-ciumes-em-momento-delicado\/","title":{"rendered":"Jo\u00e3o critica demiss\u00e3o de Mandetta por \u201cci\u00fames\u201d em momento \u201cdelicado\u201d"},"content":{"rendered":"\n<p>O governador da Para\u00edba, Jo\u00e3o Azev\u00eado (Cidadania), lamentou a demiss\u00e3o do ministro da Sa\u00fade, Henrique Mandetta, tomada nesta quinta-feira (16) pelo presidente Jair Bolsonaro.<\/p>\n\n\n\n<p>Para Jo\u00e3o, diferente de outros pa\u00edses que se unem para enfrentar a pandemia do novo coronav\u00edrus, \u201cci\u00fames\u201d levaram o Brasil a uma crise pol\u00edtica e por consequ\u00eancia a demiss\u00e3o do ministro da Sa\u00fade.<\/p>\n\n\n\n<p>\u201c\u00c9 uma pena que haja uma demiss\u00e3o de um ministro. N\u00e3o sair\u00e1 s\u00f3 ele, sa\u00edra uma equipe inteira que estava tocando a crise do coronav\u00edrus. Em outros pa\u00edses as pessoas se unem para enfrentar, no Brasil se cria uma crise pol\u00edtica enorme, talvez at\u00e9 por ciumes e leva a demiss\u00e3o de um ministro. Fico preocupado. N\u00e3o era hora de fazer uma substitui\u00e7\u00e3o, em um momento extremamente delicado\u201d, avaliou.<\/p>\n\n\n\n<p>O oncologista Nelson Teich \u00e9 que assume o cargo. A apresenta\u00e7\u00e3o do novo ministro j\u00e1 aconteceu durante pronunciamento de Bolsonaro na tarde de hoje.<\/p>\n\n\n\n<p>Nelson Luiz Sperle Teich \u00e9 formado em Medicina pela Universidade Estadual do Rio de Janeiro (UERJ), especialista em oncologia pelo Instituto Nacional do C\u00e2ncer e doutor em Ci\u00eancias e Economia da Sa\u00fade pela Universidade de York, no Reino Unido.<\/p>\n\n\n\n<p>Mandetta e Bolsonaro entraram em rota de colis\u00e3o ap\u00f3s o ministro defender o isolamento social como medida de conter a dissemina\u00e7\u00e3o do novo coronav\u00edrus.<\/p>\n\n\n\n<p><strong>MaisPB<\/strong><\/p>\n","protected":false},"excerpt":{"rendered":"<p>O governador da Para\u00edba, Jo\u00e3o Azev\u00eado (Cidadania), lamentou a demiss\u00e3o do ministro da Sa\u00fade, Henrique Mandetta, tomada nesta quinta-feira (16) pelo presidente Jair Bolsonaro. Para&hellip; <\/p>\n","protected":false},"author":2,"featured_media":164455,"comment_status":"closed","ping_status":"closed","sticky":false,"template":"","format":"standard","meta":{"sfsi_plus_gutenberg_text_before_share":"","sfsi_plus_gutenberg_show_text_before_share":"","sfsi_plus_gutenberg_icon_type":"","sfsi_plus_gutenberg_icon_alignemt":"","sfsi_plus_gutenburg_max_per_row":"","footnotes":""},"categories":[11],"tags":[],"class_list":["post-164454","post","type-post","status-publish","format-standard","has-post-thumbnail","hentry","category-politica"],"_links":{"self":[{"href":"https:\/\/www.caririemacao.com\/1\/wp-json\/wp\/v2\/posts\/164454","targetHints":{"allow":["GET"]}}],"collection":[{"href":"https:\/\/www.caririemacao.com\/1\/wp-json\/wp\/v2\/posts"}],"about":[{"href":"https:\/\/www.caririemacao.com\/1\/wp-json\/wp\/v2\/types\/post"}],"author":[{"embeddable":true,"href":"https:\/\/www.caririemacao.com\/1\/wp-json\/wp\/v2\/users\/2"}],"replies":[{"embeddable":true,"href":"https:\/\/www.caririemacao.com\/1\/wp-json\/wp\/v2\/comments?post=164454"}],"version-history":[{"count":1,"href":"https:\/\/www.caririemacao.com\/1\/wp-json\/wp\/v2\/posts\/164454\/revisions"}],"predecessor-version":[{"id":164456,"href":"https:\/\/www.caririemacao.com\/1\/wp-json\/wp\/v2\/posts\/164454\/revisions\/164456"}],"wp:featuredmedia":[{"embeddable":true,"href":"https:\/\/www.caririemacao.com\/1\/wp-json\/wp\/v2\/media\/164455"}],"wp:attachment":[{"href":"https:\/\/www.caririemacao.com\/1\/wp-json\/wp\/v2\/media?parent=164454"}],"wp:term":[{"taxonomy":"category","embeddable":true,"href":"https:\/\/www.caririemacao.com\/1\/wp-json\/wp\/v2\/categories?post=164454"},{"taxonomy":"post_tag","embeddable":true,"href":"https:\/\/www.caririemacao.com\/1\/wp-json\/wp\/v2\/tags?post=164454"}],"curies":[{"name":"wp","href":"https:\/\/api.w.org\/{rel}","templated":true}]}}