{"id":164457,"date":"2020-04-17T07:47:41","date_gmt":"2020-04-17T10:47:41","guid":{"rendered":"http:\/\/www.caririemacao.com\/1\/?p=164457"},"modified":"2020-04-17T07:47:43","modified_gmt":"2020-04-17T10:47:43","slug":"idoso-de-santo-andre-morre-e-hospital-investiga-se-causa-morte-foi-o-covid-19","status":"publish","type":"post","link":"https:\/\/www.caririemacao.com\/1\/2020\/04\/17\/idoso-de-santo-andre-morre-e-hospital-investiga-se-causa-morte-foi-o-covid-19\/","title":{"rendered":"Idoso de Santo Andr\u00e9 morre e hospital investiga se causa morte foi o Covid-19"},"content":{"rendered":"\n<p>Faleceu no Hospital de Tapero\u00e1 nesta quinta-feira (16) um paciente idoso de 78 anos, natural do munic\u00edpio de Santo Andr\u00e9. O paciente deu entrada na unidade na ter\u00e7a-feira (14) e evoluiu rapidamente at\u00e9 o \u00f3bito na madrugada desta quinta (16).<\/p>\n\n\n\n<p>Segundo informa\u00e7\u00f5es apuradas com exclusividade pelo portal De Olho no Cariri com o m\u00e9dico e diretor t\u00e9cnico, Dr. Bem Sirak, o paciente possu\u00eda outros problemas de sa\u00fade em seu hist\u00f3rico cl\u00ednico a exemplo de hipertens\u00e3o, asma, quadro cardiop\u00e1tico e psiqui\u00e1trico, mas infelizmente evoluiu para \u00f3bito muito rapidamente, o que aumentou as suspeitas de que possa est\u00e1 infectado pelo Covid-19.<\/p>\n\n\n\n<p>Segundo Dr. Bem Sirak, o hospital procedeu fazendo a coleta para teste de Covid-19 no paciente e as amostras foram encaminhadas para o Lacen, com resultado previsto para a qualquer momento.<\/p>\n\n\n\n<p>O diretor t\u00e9cnico do Hospital de Tapero\u00e1 disse, entretanto, que como seu quadro de sa\u00fade era debilitado h\u00e1 possibilidade de sua morte ser decorrente de fato de uma de suas patologias.<\/p>\n\n\n\n<p><strong>De Olho no Cariri<\/strong><\/p>\n","protected":false},"excerpt":{"rendered":"<p>Faleceu no Hospital de Tapero\u00e1 nesta quinta-feira (16) um paciente idoso de 78 anos, natural do munic\u00edpio de Santo Andr\u00e9. O paciente deu entrada na&hellip; <\/p>\n","protected":false},"author":2,"featured_media":164458,"comment_status":"closed","ping_status":"closed","sticky":false,"template":"","format":"standard","meta":{"sfsi_plus_gutenberg_text_before_share":"","sfsi_plus_gutenberg_show_text_before_share":"","sfsi_plus_gutenberg_icon_type":"","sfsi_plus_gutenberg_icon_alignemt":"","sfsi_plus_gutenburg_max_per_row":"","footnotes":""},"categories":[50,2],"tags":[],"class_list":["post-164457","post","type-post","status-publish","format-standard","has-post-thumbnail","hentry","category-destaque","category-geral"],"_links":{"self":[{"href":"https:\/\/www.caririemacao.com\/1\/wp-json\/wp\/v2\/posts\/164457","targetHints":{"allow":["GET"]}}],"collection":[{"href":"https:\/\/www.caririemacao.com\/1\/wp-json\/wp\/v2\/posts"}],"about":[{"href":"https:\/\/www.caririemacao.com\/1\/wp-json\/wp\/v2\/types\/post"}],"author":[{"embeddable":true,"href":"https:\/\/www.caririemacao.com\/1\/wp-json\/wp\/v2\/users\/2"}],"replies":[{"embeddable":true,"href":"https:\/\/www.caririemacao.com\/1\/wp-json\/wp\/v2\/comments?post=164457"}],"version-history":[{"count":1,"href":"https:\/\/www.caririemacao.com\/1\/wp-json\/wp\/v2\/posts\/164457\/revisions"}],"predecessor-version":[{"id":164459,"href":"https:\/\/www.caririemacao.com\/1\/wp-json\/wp\/v2\/posts\/164457\/revisions\/164459"}],"wp:featuredmedia":[{"embeddable":true,"href":"https:\/\/www.caririemacao.com\/1\/wp-json\/wp\/v2\/media\/164458"}],"wp:attachment":[{"href":"https:\/\/www.caririemacao.com\/1\/wp-json\/wp\/v2\/media?parent=164457"}],"wp:term":[{"taxonomy":"category","embeddable":true,"href":"https:\/\/www.caririemacao.com\/1\/wp-json\/wp\/v2\/categories?post=164457"},{"taxonomy":"post_tag","embeddable":true,"href":"https:\/\/www.caririemacao.com\/1\/wp-json\/wp\/v2\/tags?post=164457"}],"curies":[{"name":"wp","href":"https:\/\/api.w.org\/{rel}","templated":true}]}}