{"id":164475,"date":"2020-04-17T08:58:10","date_gmt":"2020-04-17T11:58:10","guid":{"rendered":"http:\/\/www.caririemacao.com\/1\/?p=164475"},"modified":"2020-04-17T08:59:07","modified_gmt":"2020-04-17T11:59:07","slug":"prefeito-de-caraubas-contrata-medico-clinico-geral-para-atender-a-populacao-do-distrito-de-barreiras","status":"publish","type":"post","link":"https:\/\/www.caririemacao.com\/1\/2020\/04\/17\/prefeito-de-caraubas-contrata-medico-clinico-geral-para-atender-a-populacao-do-distrito-de-barreiras\/","title":{"rendered":"Prefeito de Cara\u00fabas contrata m\u00e9dico cl\u00ednico geral para atender a popula\u00e7\u00e3o do Distrito de Barreiras"},"content":{"rendered":"\n<div class=\"wp-block-image\"><figure class=\"aligncenter\"><img decoding=\"async\" data-src=\"http:\/\/deolhonocariri.com.br\/wp-content\/uploads\/2020\/04\/93847331_2723313021111137_661419758083637248_n.jpg\" alt=\"\" class=\"wp-image-80829 lazyload\" src=\"data:image\/svg+xml;base64,PHN2ZyB3aWR0aD0iMSIgaGVpZ2h0PSIxIiB4bWxucz0iaHR0cDovL3d3dy53My5vcmcvMjAwMC9zdmciPjwvc3ZnPg==\" \/><\/figure><\/div>\n\n\n\n<p>O prefeito Silvano Dudu do munic\u00edpio de Cara\u00fabas recebeu na manh\u00e3 desta quinta-feira, dia 16\/04, a visita do m\u00e9dico Mateus Gon\u00e7alves Vieira especialista da \u00e1rea de clinica geral e perito que ir\u00e1 atender a popula\u00e7\u00e3o do Estrat\u00e9gia da Sa\u00fade II, do Distrito de Barreiras.<\/p>\n\n\n\n<p>A contrata\u00e7\u00e3o do profissional se deu em virtude da vaga aberta no munic\u00edpio para o programa Mais M\u00e9dicos do Brasil. Com&nbsp;a sa\u00edda dos m\u00e9dicos Dr. Tiago e Dra. Caliandra, o munic\u00edpio se habilitou mais uma vez para receber novos profissionais da medicina que passar\u00e3o a atuar imediatamente no munic\u00edpio.<\/p>\n\n\n\n<p>De acordo com o prefeito Silvano Dudu j\u00e1 a partir de amanh\u00e3 Dr. Mateus Gon\u00e7alves Vieira estar\u00e1 atendendo a popula\u00e7\u00e3o no Distrito de Barreiras, onde estar\u00e1 a disposi\u00e7\u00e3o de todos os caraubenses daquela \u00e1rea de atua\u00e7\u00e3o, afirmou ele.<br><\/p>\n\n\n\n<p>Sei que a popula\u00e7\u00e3o estava ansiosa pela chegada do profissional depois da sa\u00edda de Dr. Tiago, mas precis\u00e1vamos cumprir com os prazos do programa, o que aconteceu gra\u00e7as a abertura da vaga atrav\u00e9s do competente edital, disse Silvano. As pessoas que estavam criticando a gest\u00e3o por falta desse profissional, fica aqui a minha resigna\u00e7\u00e3o e o compromisso que sempre tive com a sa\u00fade do nosso povo. N\u00e3o tem sido f\u00e1cil trazer profissionais como Dr. Mateus Gon\u00e7alves e tantos outros que j\u00e1 passaram por aqui, pois, existem procedimentos administrativos legais que a gest\u00e3o precisa cumprir, concluiu o prefeito.<\/p>\n\n\n\n<p>Mateus Gon\u00e7alves \u00e9 natural de S\u00e3o Jos\u00e9 de Piranhas no alto sert\u00e3o da Para\u00edba, j\u00e1 trabalhou nos munic\u00edpios de Desterro e Tapero\u00e1 e vem com o objetivo de servir a car\u00eancia de profissionais existentes com a sa\u00edda de outros profissionais da \u00e1rea. Vamos procurar fazer o melhor pela popula\u00e7\u00e3o do Distrito de Barreiras e do munic\u00edpio de Cara\u00fabas, cumprindo com as determina\u00e7\u00f5es da atual gest\u00e3o da sa\u00fade p\u00fablica municipal afirmou ele.<\/p>\n\n\n\n<p><em>Seplacom<\/em><\/p>\n","protected":false},"excerpt":{"rendered":"<p>O prefeito Silvano Dudu do munic\u00edpio de Cara\u00fabas recebeu na manh\u00e3 desta quinta-feira, dia 16\/04, a visita do m\u00e9dico Mateus Gon\u00e7alves Vieira especialista da \u00e1rea&hellip; <\/p>\n","protected":false},"author":2,"featured_media":164476,"comment_status":"closed","ping_status":"closed","sticky":false,"template":"","format":"standard","meta":{"sfsi_plus_gutenberg_text_before_share":"","sfsi_plus_gutenberg_show_text_before_share":"","sfsi_plus_gutenberg_icon_type":"","sfsi_plus_gutenberg_icon_alignemt":"","sfsi_plus_gutenburg_max_per_row":"","footnotes":""},"categories":[2],"tags":[],"class_list":["post-164475","post","type-post","status-publish","format-standard","has-post-thumbnail","hentry","category-geral"],"_links":{"self":[{"href":"https:\/\/www.caririemacao.com\/1\/wp-json\/wp\/v2\/posts\/164475","targetHints":{"allow":["GET"]}}],"collection":[{"href":"https:\/\/www.caririemacao.com\/1\/wp-json\/wp\/v2\/posts"}],"about":[{"href":"https:\/\/www.caririemacao.com\/1\/wp-json\/wp\/v2\/types\/post"}],"author":[{"embeddable":true,"href":"https:\/\/www.caririemacao.com\/1\/wp-json\/wp\/v2\/users\/2"}],"replies":[{"embeddable":true,"href":"https:\/\/www.caririemacao.com\/1\/wp-json\/wp\/v2\/comments?post=164475"}],"version-history":[{"count":2,"href":"https:\/\/www.caririemacao.com\/1\/wp-json\/wp\/v2\/posts\/164475\/revisions"}],"predecessor-version":[{"id":164478,"href":"https:\/\/www.caririemacao.com\/1\/wp-json\/wp\/v2\/posts\/164475\/revisions\/164478"}],"wp:featuredmedia":[{"embeddable":true,"href":"https:\/\/www.caririemacao.com\/1\/wp-json\/wp\/v2\/media\/164476"}],"wp:attachment":[{"href":"https:\/\/www.caririemacao.com\/1\/wp-json\/wp\/v2\/media?parent=164475"}],"wp:term":[{"taxonomy":"category","embeddable":true,"href":"https:\/\/www.caririemacao.com\/1\/wp-json\/wp\/v2\/categories?post=164475"},{"taxonomy":"post_tag","embeddable":true,"href":"https:\/\/www.caririemacao.com\/1\/wp-json\/wp\/v2\/tags?post=164475"}],"curies":[{"name":"wp","href":"https:\/\/api.w.org\/{rel}","templated":true}]}}