{"id":164482,"date":"2020-04-17T09:01:45","date_gmt":"2020-04-17T12:01:45","guid":{"rendered":"http:\/\/www.caririemacao.com\/1\/?p=164482"},"modified":"2020-04-17T09:01:47","modified_gmt":"2020-04-17T12:01:47","slug":"demissao-de-mandetta-e-rejeitada-por-76-dos-brasileiros","status":"publish","type":"post","link":"https:\/\/www.caririemacao.com\/1\/2020\/04\/17\/demissao-de-mandetta-e-rejeitada-por-76-dos-brasileiros\/","title":{"rendered":"Demiss\u00e3o de Mandetta \u00e9 rejeitada por 76% dos brasileiros"},"content":{"rendered":"\n<p>A maioria esmagadora dos brasileiros \u00e9 contr\u00e1ria \u00e0 demiss\u00e3o Luiz Henrique Mandetta.<\/p>\n\n\n\n<p>Uma pesquisa realizada pelo Atlas Pol\u00edtico mostrou que 76,2% dos entrevistados discordam do afastamento do ministro.<\/p>\n\n\n\n<p>S\u00f3 13,7% concordam.<\/p>\n","protected":false},"excerpt":{"rendered":"<p>A maioria esmagadora dos brasileiros \u00e9 contr\u00e1ria \u00e0 demiss\u00e3o Luiz Henrique Mandetta. Uma pesquisa realizada pelo Atlas Pol\u00edtico mostrou que 76,2% dos entrevistados discordam do&hellip; <\/p>\n","protected":false},"author":2,"featured_media":164483,"comment_status":"closed","ping_status":"closed","sticky":false,"template":"","format":"standard","meta":{"sfsi_plus_gutenberg_text_before_share":"","sfsi_plus_gutenberg_show_text_before_share":"","sfsi_plus_gutenberg_icon_type":"","sfsi_plus_gutenberg_icon_alignemt":"","sfsi_plus_gutenburg_max_per_row":"","footnotes":""},"categories":[2],"tags":[],"class_list":["post-164482","post","type-post","status-publish","format-standard","has-post-thumbnail","hentry","category-geral"],"_links":{"self":[{"href":"https:\/\/www.caririemacao.com\/1\/wp-json\/wp\/v2\/posts\/164482","targetHints":{"allow":["GET"]}}],"collection":[{"href":"https:\/\/www.caririemacao.com\/1\/wp-json\/wp\/v2\/posts"}],"about":[{"href":"https:\/\/www.caririemacao.com\/1\/wp-json\/wp\/v2\/types\/post"}],"author":[{"embeddable":true,"href":"https:\/\/www.caririemacao.com\/1\/wp-json\/wp\/v2\/users\/2"}],"replies":[{"embeddable":true,"href":"https:\/\/www.caririemacao.com\/1\/wp-json\/wp\/v2\/comments?post=164482"}],"version-history":[{"count":1,"href":"https:\/\/www.caririemacao.com\/1\/wp-json\/wp\/v2\/posts\/164482\/revisions"}],"predecessor-version":[{"id":164484,"href":"https:\/\/www.caririemacao.com\/1\/wp-json\/wp\/v2\/posts\/164482\/revisions\/164484"}],"wp:featuredmedia":[{"embeddable":true,"href":"https:\/\/www.caririemacao.com\/1\/wp-json\/wp\/v2\/media\/164483"}],"wp:attachment":[{"href":"https:\/\/www.caririemacao.com\/1\/wp-json\/wp\/v2\/media?parent=164482"}],"wp:term":[{"taxonomy":"category","embeddable":true,"href":"https:\/\/www.caririemacao.com\/1\/wp-json\/wp\/v2\/categories?post=164482"},{"taxonomy":"post_tag","embeddable":true,"href":"https:\/\/www.caririemacao.com\/1\/wp-json\/wp\/v2\/tags?post=164482"}],"curies":[{"name":"wp","href":"https:\/\/api.w.org\/{rel}","templated":true}]}}