{"id":164485,"date":"2020-04-17T09:04:48","date_gmt":"2020-04-17T12:04:48","guid":{"rendered":"http:\/\/www.caririemacao.com\/1\/?p=164485"},"modified":"2020-04-17T09:04:50","modified_gmt":"2020-04-17T12:04:50","slug":"apos-velorio-com-caixao-aberto-de-bebe-com-covid-19-taperoa-entra-em-quarentena","status":"publish","type":"post","link":"https:\/\/www.caririemacao.com\/1\/2020\/04\/17\/apos-velorio-com-caixao-aberto-de-bebe-com-covid-19-taperoa-entra-em-quarentena\/","title":{"rendered":"Ap\u00f3s vel\u00f3rio com caix\u00e3o aberto de beb\u00ea com covid-19, Tapero\u00e1 entra em quarentena"},"content":{"rendered":"\n<p>A cidade de Tapero\u00e1 no Cariri paraibano, est\u00e1 em quarentena e em estado de alerta para conter a propaga\u00e7\u00e3o do novo coronav\u00edrus. \u00c9 que o beb\u00ea de 4 meses que morreu devido \u00e0 Covid-19 no \u00faltimo s\u00e1bado (11) foi velado com o caix\u00e3o aberto em uma cerim\u00f4nia dentro de casa, aberta para familiares.<\/p>\n\n\n\n<p>De acordo com a Prefeitura de Tapero\u00e1, munic\u00edpio, o diagn\u00f3stico positivo para coronav\u00edrus da beb\u00ea, no entanto, s\u00f3 foi confirmado nesta ter\u00e7a-feira (14). A cidade est\u00e1 com quatro casos de infec\u00e7\u00e3o pelo novo coronav\u00edrus sob suspeita, segundo a prefeitura.<\/p>\n\n\n\n<p>A crian\u00e7a morreu ap\u00f3s dar entrada no Hospital Geral de Tapero\u00e1 ainda no s\u00e1bado com sintomas de Covid-19, segundo a dire\u00e7\u00e3o da unidade hospitalar. Como o quadro de sa\u00fade dela piorou, a menina precisou ser entubada, mas n\u00e3o resistiu e morreu no mesmo dia.<\/p>\n\n\n\n<p>A Para\u00edba tem 165 casos confirmados de coronav\u00edrus e 24 mortes, diz SES. Com o novo boletim, o estado passa a contabilizar 124 casos em Jo\u00e3o Pessoa, 14 Santa Rita, 4 Campina Grande, 6 Cabedelo, 4 Bayeux, 3 Junco do Serid\u00f3, 4 Patos, 1 Serra Branca, 1 Sap\u00e9, 1 Sousa, 1 Igaracy, 1 Tapero\u00e1 e 1 S\u00e3o Jo\u00e3o do Rio do Peixe.<\/p>\n","protected":false},"excerpt":{"rendered":"<p>A cidade de Tapero\u00e1 no Cariri paraibano, est\u00e1 em quarentena e em estado de alerta para conter a propaga\u00e7\u00e3o do novo coronav\u00edrus. \u00c9 que o&hellip; <\/p>\n","protected":false},"author":2,"featured_media":164486,"comment_status":"closed","ping_status":"closed","sticky":false,"template":"","format":"standard","meta":{"sfsi_plus_gutenberg_text_before_share":"","sfsi_plus_gutenberg_show_text_before_share":"","sfsi_plus_gutenberg_icon_type":"","sfsi_plus_gutenberg_icon_alignemt":"","sfsi_plus_gutenburg_max_per_row":"","footnotes":""},"categories":[2],"tags":[],"class_list":["post-164485","post","type-post","status-publish","format-standard","has-post-thumbnail","hentry","category-geral"],"_links":{"self":[{"href":"https:\/\/www.caririemacao.com\/1\/wp-json\/wp\/v2\/posts\/164485","targetHints":{"allow":["GET"]}}],"collection":[{"href":"https:\/\/www.caririemacao.com\/1\/wp-json\/wp\/v2\/posts"}],"about":[{"href":"https:\/\/www.caririemacao.com\/1\/wp-json\/wp\/v2\/types\/post"}],"author":[{"embeddable":true,"href":"https:\/\/www.caririemacao.com\/1\/wp-json\/wp\/v2\/users\/2"}],"replies":[{"embeddable":true,"href":"https:\/\/www.caririemacao.com\/1\/wp-json\/wp\/v2\/comments?post=164485"}],"version-history":[{"count":1,"href":"https:\/\/www.caririemacao.com\/1\/wp-json\/wp\/v2\/posts\/164485\/revisions"}],"predecessor-version":[{"id":164487,"href":"https:\/\/www.caririemacao.com\/1\/wp-json\/wp\/v2\/posts\/164485\/revisions\/164487"}],"wp:featuredmedia":[{"embeddable":true,"href":"https:\/\/www.caririemacao.com\/1\/wp-json\/wp\/v2\/media\/164486"}],"wp:attachment":[{"href":"https:\/\/www.caririemacao.com\/1\/wp-json\/wp\/v2\/media?parent=164485"}],"wp:term":[{"taxonomy":"category","embeddable":true,"href":"https:\/\/www.caririemacao.com\/1\/wp-json\/wp\/v2\/categories?post=164485"},{"taxonomy":"post_tag","embeddable":true,"href":"https:\/\/www.caririemacao.com\/1\/wp-json\/wp\/v2\/tags?post=164485"}],"curies":[{"name":"wp","href":"https:\/\/api.w.org\/{rel}","templated":true}]}}