{"id":164489,"date":"2020-04-17T09:06:03","date_gmt":"2020-04-17T12:06:03","guid":{"rendered":"http:\/\/www.caririemacao.com\/1\/?p=164489"},"modified":"2020-04-17T09:06:05","modified_gmt":"2020-04-17T12:06:05","slug":"prefeitura-de-monteiro-antecipa-parcela-do-13o-para-aposentados-pensionistas-e-inativos","status":"publish","type":"post","link":"https:\/\/www.caririemacao.com\/1\/2020\/04\/17\/prefeitura-de-monteiro-antecipa-parcela-do-13o-para-aposentados-pensionistas-e-inativos\/","title":{"rendered":"Prefeitura de Monteiro antecipa parcela do 13\u00ba para aposentados, pensionistas e inativos"},"content":{"rendered":"\n<p>A prefeita Anna Lorena confirmou na tarde desta quinta-feira, 16, que a Secretaria de Finan\u00e7as j\u00e1 realizou a libera\u00e7\u00e3o da primeira parcela do 13\u00ba sal\u00e1rio para aposentados, pensionistas e inativos.<\/p>\n\n\n\n<p>Conforme anunciado pela gestora, a antecipa\u00e7\u00e3o dos valores se d\u00e1 devido \u00e0 situa\u00e7\u00e3o de risco em que estas pessoas se encontram. \u201cEstamos vendo que muitas pessoas est\u00e3o com dificuldades devido \u00e0 pandemia do Covid-19 e com esta a\u00e7\u00e3o visamos ajud\u00e1-los tendo em vista que os mesmos precisam se precaver contra o Coronav\u00edrus. Temos observado que os idosos, principalmente, necessitam comprar rem\u00e9dio e outros itens necess\u00e1rios\u201d.<\/p>\n\n\n\n<p>A libera\u00e7\u00e3o do cr\u00e9dito aconteceu na tarde desta quinta-feira e o cr\u00e9dito em conta ser\u00e1 feito ap\u00f3s o meio dia desta sexta-feira, 17.<\/p>\n","protected":false},"excerpt":{"rendered":"<p>A prefeita Anna Lorena confirmou na tarde desta quinta-feira, 16, que a Secretaria de Finan\u00e7as j\u00e1 realizou a libera\u00e7\u00e3o da primeira parcela do 13\u00ba sal\u00e1rio&hellip; <\/p>\n","protected":false},"author":2,"featured_media":164490,"comment_status":"closed","ping_status":"closed","sticky":false,"template":"","format":"standard","meta":{"sfsi_plus_gutenberg_text_before_share":"","sfsi_plus_gutenberg_show_text_before_share":"","sfsi_plus_gutenberg_icon_type":"","sfsi_plus_gutenberg_icon_alignemt":"","sfsi_plus_gutenburg_max_per_row":"","footnotes":""},"categories":[2],"tags":[],"class_list":["post-164489","post","type-post","status-publish","format-standard","has-post-thumbnail","hentry","category-geral"],"_links":{"self":[{"href":"https:\/\/www.caririemacao.com\/1\/wp-json\/wp\/v2\/posts\/164489","targetHints":{"allow":["GET"]}}],"collection":[{"href":"https:\/\/www.caririemacao.com\/1\/wp-json\/wp\/v2\/posts"}],"about":[{"href":"https:\/\/www.caririemacao.com\/1\/wp-json\/wp\/v2\/types\/post"}],"author":[{"embeddable":true,"href":"https:\/\/www.caririemacao.com\/1\/wp-json\/wp\/v2\/users\/2"}],"replies":[{"embeddable":true,"href":"https:\/\/www.caririemacao.com\/1\/wp-json\/wp\/v2\/comments?post=164489"}],"version-history":[{"count":1,"href":"https:\/\/www.caririemacao.com\/1\/wp-json\/wp\/v2\/posts\/164489\/revisions"}],"predecessor-version":[{"id":164491,"href":"https:\/\/www.caririemacao.com\/1\/wp-json\/wp\/v2\/posts\/164489\/revisions\/164491"}],"wp:featuredmedia":[{"embeddable":true,"href":"https:\/\/www.caririemacao.com\/1\/wp-json\/wp\/v2\/media\/164490"}],"wp:attachment":[{"href":"https:\/\/www.caririemacao.com\/1\/wp-json\/wp\/v2\/media?parent=164489"}],"wp:term":[{"taxonomy":"category","embeddable":true,"href":"https:\/\/www.caririemacao.com\/1\/wp-json\/wp\/v2\/categories?post=164489"},{"taxonomy":"post_tag","embeddable":true,"href":"https:\/\/www.caririemacao.com\/1\/wp-json\/wp\/v2\/tags?post=164489"}],"curies":[{"name":"wp","href":"https:\/\/api.w.org\/{rel}","templated":true}]}}