{"id":164499,"date":"2020-04-17T09:18:37","date_gmt":"2020-04-17T12:18:37","guid":{"rendered":"http:\/\/www.caririemacao.com\/1\/?p=164499"},"modified":"2020-04-17T09:18:39","modified_gmt":"2020-04-17T12:18:39","slug":"saude-de-sume-mantem-atendimentos-psicologicos-no-municipio-para-grupos-prioritarios","status":"publish","type":"post","link":"https:\/\/www.caririemacao.com\/1\/2020\/04\/17\/saude-de-sume-mantem-atendimentos-psicologicos-no-municipio-para-grupos-prioritarios\/","title":{"rendered":"Sa\u00fade de Sum\u00e9 mant\u00e9m atendimentos psicol\u00f3gicos no munic\u00edpio para grupos priorit\u00e1rios"},"content":{"rendered":"\n<p>Em meio a pandemia causada pelo novo coronav\u00edrus, causando mudan\u00e7as no atendimento de todas as reparti\u00e7\u00f5es p\u00fablicas do munic\u00edpio de Sum\u00e9, a Secretaria de Sa\u00fade informa \u00e0 popula\u00e7\u00e3o que os atendimentos psicol\u00f3gicos est\u00e3o sendo realizados prioritariamente para as pessoas com depress\u00e3o diagnosticada, ansiedade e crian\u00e7as com autismo.<\/p>\n\n\n\n<p>A psic\u00f3loga respons\u00e1vel pelos atendimentos no munic\u00edpio, Jocilda Azevedo, comunica que os hor\u00e1rios destes pacientes est\u00e3o sendo marcados via whatsapp, atrav\u00e9s do n\u00famero (83) 99955-7118.<\/p>\n\n\n\n<p>Por outro lado, devido ao isolamento social por qual est\u00e1 passando toda a popula\u00e7\u00e3o, levando pessoas, sem condi\u00e7\u00f5es preexistentes, a terem crises de ansiedade, Jocilda tamb\u00e9m est\u00e1 agendando atendimento para quem queira conversar sobre sua condi\u00e7\u00e3o psicol\u00f3gica. Esses agendamentos tamb\u00e9m s\u00e3o feitos por whatsapp para evitar aglomera\u00e7\u00f5es no consult\u00f3rio.<\/p>\n\n\n\n<p>Lembrando que a psic\u00f3loga est\u00e1 tomando todas as precau\u00e7\u00f5es com higieniza\u00e7\u00e3o do consult\u00f3rio entre um paciente e outro e seguindo outras recomenda\u00e7\u00f5es da Organiza\u00e7\u00e3o Mundial de Sa\u00fade.<\/p>\n","protected":false},"excerpt":{"rendered":"<p>Em meio a pandemia causada pelo novo coronav\u00edrus, causando mudan\u00e7as no atendimento de todas as reparti\u00e7\u00f5es p\u00fablicas do munic\u00edpio de Sum\u00e9, a Secretaria de Sa\u00fade&hellip; <\/p>\n","protected":false},"author":2,"featured_media":164500,"comment_status":"closed","ping_status":"closed","sticky":false,"template":"","format":"standard","meta":{"sfsi_plus_gutenberg_text_before_share":"","sfsi_plus_gutenberg_show_text_before_share":"","sfsi_plus_gutenberg_icon_type":"","sfsi_plus_gutenberg_icon_alignemt":"","sfsi_plus_gutenburg_max_per_row":"","footnotes":""},"categories":[2],"tags":[],"class_list":["post-164499","post","type-post","status-publish","format-standard","has-post-thumbnail","hentry","category-geral"],"_links":{"self":[{"href":"https:\/\/www.caririemacao.com\/1\/wp-json\/wp\/v2\/posts\/164499","targetHints":{"allow":["GET"]}}],"collection":[{"href":"https:\/\/www.caririemacao.com\/1\/wp-json\/wp\/v2\/posts"}],"about":[{"href":"https:\/\/www.caririemacao.com\/1\/wp-json\/wp\/v2\/types\/post"}],"author":[{"embeddable":true,"href":"https:\/\/www.caririemacao.com\/1\/wp-json\/wp\/v2\/users\/2"}],"replies":[{"embeddable":true,"href":"https:\/\/www.caririemacao.com\/1\/wp-json\/wp\/v2\/comments?post=164499"}],"version-history":[{"count":1,"href":"https:\/\/www.caririemacao.com\/1\/wp-json\/wp\/v2\/posts\/164499\/revisions"}],"predecessor-version":[{"id":164501,"href":"https:\/\/www.caririemacao.com\/1\/wp-json\/wp\/v2\/posts\/164499\/revisions\/164501"}],"wp:featuredmedia":[{"embeddable":true,"href":"https:\/\/www.caririemacao.com\/1\/wp-json\/wp\/v2\/media\/164500"}],"wp:attachment":[{"href":"https:\/\/www.caririemacao.com\/1\/wp-json\/wp\/v2\/media?parent=164499"}],"wp:term":[{"taxonomy":"category","embeddable":true,"href":"https:\/\/www.caririemacao.com\/1\/wp-json\/wp\/v2\/categories?post=164499"},{"taxonomy":"post_tag","embeddable":true,"href":"https:\/\/www.caririemacao.com\/1\/wp-json\/wp\/v2\/tags?post=164499"}],"curies":[{"name":"wp","href":"https:\/\/api.w.org\/{rel}","templated":true}]}}