{"id":164503,"date":"2020-04-17T09:21:00","date_gmt":"2020-04-17T12:21:00","guid":{"rendered":"http:\/\/www.caririemacao.com\/1\/?p=164503"},"modified":"2020-04-17T09:21:03","modified_gmt":"2020-04-17T12:21:03","slug":"pb-tem-30-novos-casos-de-covid-19-confirmados-em-apenas-um-dia","status":"publish","type":"post","link":"https:\/\/www.caririemacao.com\/1\/2020\/04\/17\/pb-tem-30-novos-casos-de-covid-19-confirmados-em-apenas-um-dia\/","title":{"rendered":"PB tem 30 novos casos de covid-19 confirmados em apenas um dia"},"content":{"rendered":"\n<p>Em apenas um dia, a Secretaria de Sa\u00fade da Para\u00edba confirmou 30 novos casos de covid-19, doen\u00e7a causada pelo novo Coronav\u00edrus. Segundo boletim divulgado nesta quinta-feira (16) pela Secretaria, o estado contabiliza 195 casos confirmados da doen\u00e7a (eram 165 nessa quarta) e 26 mortes (eram 24 no boletim dessa quarta).<\/p>\n\n\n\n<p>Al\u00e9m disso, dos casos confirmados, 80 pessoas j\u00e1 se recuperaram e 26 est\u00e3o hospitalizadas, sendo nove em leitos de Unidade de Terapia Intensiva (UTI). Os demais se recuperam em isolamento domiciliar acompanhados pelas secretarias municipais de sa\u00fade.<\/p>\n\n\n\n<p>Os casos est\u00e3o distribu\u00eddos em 14 munic\u00edpios: Jo\u00e3o Pessoa (142), Santa Rita (17), Campina Grande (8), Cabedelo (7), Bayeux (6), Junco do Serid\u00f3 (3), Patos (5), Serra Branca (1), Sap\u00e9 (1), Sousa (1), Igaracy (1), Tapero\u00e1 (1), S\u00e3o Jo\u00e3o do Rio do Peixe (1) e Pombal (1).<\/p>\n\n\n\n<p>O boletim tamb\u00e9m informou que 75 pessoas est\u00e3o internadas com notifica\u00e7\u00e3o de suspeita para covid-19, sendo 57 em enfermaria (32 em hospitais p\u00fablicos e 25 em privados) e 18 na UTI (10 em unidades p\u00fablicas 8 em privadas). Os demais casos hospitalizados e com resultado n\u00e3o detect\u00e1vel seguem em investiga\u00e7\u00e3o para demais v\u00edrus.<\/p>\n\n\n\n<p>Veja mais informa\u00e7\u00f5es sobre os dois \u00f3bitos confirmados nesta quinta:<\/p>\n\n\n\n<p>Homem, 67 anos, morador do munic\u00edpio Campina Grande, portador de c\u00e2ncer. Estava internado em unidade p\u00fablica. Morreu nessa quarta (15);<\/p>\n\n\n\n<p>Homem, 42 anos, residente do munic\u00edpio de Patos. Portador de c\u00e2ncer. Estava internado em hospital p\u00fablico e veio a \u00f3bito no dia 12 deste m\u00eas.<\/p>\n","protected":false},"excerpt":{"rendered":"<p>Em apenas um dia, a Secretaria de Sa\u00fade da Para\u00edba confirmou 30 novos casos de covid-19, doen\u00e7a causada pelo novo Coronav\u00edrus. Segundo boletim divulgado nesta&hellip; <\/p>\n","protected":false},"author":2,"featured_media":160688,"comment_status":"closed","ping_status":"closed","sticky":false,"template":"","format":"standard","meta":{"sfsi_plus_gutenberg_text_before_share":"","sfsi_plus_gutenberg_show_text_before_share":"","sfsi_plus_gutenberg_icon_type":"","sfsi_plus_gutenberg_icon_alignemt":"","sfsi_plus_gutenburg_max_per_row":"","footnotes":""},"categories":[2],"tags":[],"class_list":["post-164503","post","type-post","status-publish","format-standard","has-post-thumbnail","hentry","category-geral"],"_links":{"self":[{"href":"https:\/\/www.caririemacao.com\/1\/wp-json\/wp\/v2\/posts\/164503","targetHints":{"allow":["GET"]}}],"collection":[{"href":"https:\/\/www.caririemacao.com\/1\/wp-json\/wp\/v2\/posts"}],"about":[{"href":"https:\/\/www.caririemacao.com\/1\/wp-json\/wp\/v2\/types\/post"}],"author":[{"embeddable":true,"href":"https:\/\/www.caririemacao.com\/1\/wp-json\/wp\/v2\/users\/2"}],"replies":[{"embeddable":true,"href":"https:\/\/www.caririemacao.com\/1\/wp-json\/wp\/v2\/comments?post=164503"}],"version-history":[{"count":1,"href":"https:\/\/www.caririemacao.com\/1\/wp-json\/wp\/v2\/posts\/164503\/revisions"}],"predecessor-version":[{"id":164504,"href":"https:\/\/www.caririemacao.com\/1\/wp-json\/wp\/v2\/posts\/164503\/revisions\/164504"}],"wp:featuredmedia":[{"embeddable":true,"href":"https:\/\/www.caririemacao.com\/1\/wp-json\/wp\/v2\/media\/160688"}],"wp:attachment":[{"href":"https:\/\/www.caririemacao.com\/1\/wp-json\/wp\/v2\/media?parent=164503"}],"wp:term":[{"taxonomy":"category","embeddable":true,"href":"https:\/\/www.caririemacao.com\/1\/wp-json\/wp\/v2\/categories?post=164503"},{"taxonomy":"post_tag","embeddable":true,"href":"https:\/\/www.caririemacao.com\/1\/wp-json\/wp\/v2\/tags?post=164503"}],"curies":[{"name":"wp","href":"https:\/\/api.w.org\/{rel}","templated":true}]}}