{"id":164506,"date":"2020-04-17T09:24:28","date_gmt":"2020-04-17T12:24:28","guid":{"rendered":"http:\/\/www.caririemacao.com\/1\/?p=164506"},"modified":"2020-04-17T09:24:30","modified_gmt":"2020-04-17T12:24:30","slug":"camara-aprova-ampliar-a-outras-categorias-auxilio-emergencial","status":"publish","type":"post","link":"https:\/\/www.caririemacao.com\/1\/2020\/04\/17\/camara-aprova-ampliar-a-outras-categorias-auxilio-emergencial\/","title":{"rendered":"C\u00e2mara aprova ampliar a outras categorias aux\u00edlio emergencial"},"content":{"rendered":"\n<p>O plen\u00e1rio da C\u00e2mara dos Deputados aprovou hoje (16), em vota\u00e7\u00e3o simb\u00f3lica, o projeto de Lei (PL) 873\/202 que amplia a lista de categorias a serem beneficiadas com o pagamento do aux\u00edlio emergencial de R$ 600 reais.<\/p>\n\n\n\n<p>A proposta, que j\u00e1&nbsp;<a href=\"https:\/\/agenciabrasil.ebc.com.br\/politica\/noticia\/2020-04\/senado-aprova-extensao-de-auxilio-de-r-600-mais-de-30-categorias\" target=\"_blank\" rel=\"noreferrer noopener\">havia sido aprovado no Senado<\/a>, inclui, entre outras categorias, catadores de material recicl\u00e1vel, seringueiros, taxistas, mototaxistas, motoristas de aplicativos, manicures, diaristas e pescadores artesanais entre os que poder\u00e3o solicitar&nbsp;o benef\u00edcio.<\/p>\n\n\n\n<p>O projeto, de autoria do senador Randolfe Rodrigues (Rede-AP), permite tamb\u00e9m que m\u00e3es adolescentes, mesmo com menos de 18 anos, recebam o benef\u00edcio e que a pessoa provedora de fam\u00edlia monoparental receba&nbsp;duas cotas do aux\u00edlio emergencial, independentemente do sexo, dentre outras mudan\u00e7as.<\/p>\n\n\n\n<p>Pela proposta poder\u00e3o ter acesso ao benef\u00edcio as fam\u00edlias com renda familiar mensal per capita de meio sal\u00e1rio m\u00ednimo ou total de tr\u00eas sal\u00e1rios m\u00ednimos brutos (R$ 3.135).<\/p>\n\n\n\n<p>Por um acordo, os deputados aprovaram o parecer do relator da proposta, deputado Cezinha de Madureira (PSD-SP). O texto substitutivo elaborado pelo deputado alterou alguns pontos do projeto do Senado ampliando ainda mais a lista de trabalhadores informais que ter\u00e3o direito ao aux\u00edlio emergencial, entre eles vendedores porta a porta, esteticistas e&nbsp;agricultores familiares. Como foi alterado, o texto&nbsp;volta para aprecia\u00e7\u00e3o dos senadores.<\/p>\n\n\n\n<p>O projeto diz ainda que o recebimento do Bolsa Fam\u00edlia n\u00e3o \u00e9 impeditivo para o recebimento do aux\u00edlio emergencial. A proposta estabelece que o pagamento do aux\u00edlio emergencial fica limitado a duas pessoas de cada grupo familiar ou uma cota de aux\u00edlio emergencial e uma do&nbsp;benef\u00edcio do Bolsa Fam\u00edlia. Se o valor do aux\u00edlio for mais vantajoso, &#8220;substituir\u00e1 o Bolsa Fam\u00edlia mesmo quando houver um \u00fanico benefici\u00e1rio.\u201d<\/p>\n\n\n\n<p>O texto tamb\u00e9m diz que o pescador artesanal poder\u00e1 receber o aux\u00edlio emergencial, nos meses em que n\u00e3o estiver recebendo o seguro defeso (benef\u00edcio pago aos pescados no&nbsp;per\u00edodo&nbsp;em que a pesca \u00e9 proibida, para reprodu\u00e7\u00e3o das esp\u00e9cies).<\/p>\n\n\n\n<h2 class=\"wp-block-heading\">Fies<\/h2>\n\n\n\n<p>Al\u00e9m disso, o projeto permite que sejam suspensas as contagens de prazo e das obriga\u00e7\u00f5es de pagamento vinculadas ao financiamento estudantil &#8211; Fundo e Programa de Financiamento Estudantil (Fies) para os contratos firmados antes da vig\u00eancia do estado de calamidade p\u00fablica.<\/p>\n\n\n\n<p>A suspens\u00e3o poder\u00e1 ser aplicada tanto para os tomadores do financiamento que conclu\u00edram seus cursos quanto para os que ainda n\u00e3o conclu\u00edram. A suspens\u00e3o poder\u00e1 ser aplicada a duas parcelas, para os contratos em fase de utiliza\u00e7\u00e3o ou car\u00eancia; e quatro parcelas para os contratos em fase de amortiza\u00e7\u00e3o. O texto diz ainda que o Poder Executivo poder\u00e1 prorrogar os prazos.<\/p>\n\n\n\n<p>Os deputados tamb\u00e9m devem analisar nesta quinta-feira o requerimento de urg\u00eancia ao Projeto de Lei do Senado 1282\/20, que institui o Programa Nacional de Apoio \u00e0s Microempresas e Empresas de Pequeno Porte (Pronampe), que concede cr\u00e9dito mais acess\u00edvel ao setor. O projeto foi aprovado no Senado na semana passada.<\/p>\n\n\n\n<h2 class=\"wp-block-heading\">Troca no Minist\u00e9rio da Sa\u00fade<\/h2>\n\n\n\n<p>Durante a sess\u00e3o, o presidente da C\u00e2mara dos Deputados, Rodrigo Maia (DEM-RJ) comentou a&nbsp;<a href=\"https:\/\/agenciabrasil.ebc.com.br\/politica\/noticia\/2020-04\/bolsonaro-anuncia-nelson-teich-como-ministro-da-saude\" target=\"_blank\" rel=\"noreferrer noopener\">sa\u00edda do ministro da Sa\u00fade<\/a>, Luiz Henrique Mandetta, substitu\u00eddo pelo oncologista Nelson Teich na tarde de hoje. Maia disse que o ex-ministro teve reconhecida a sua compet\u00eancia e capacidade de construir as solu\u00e7\u00f5es em di\u00e1logo com a sociedade e com o parlamento.<\/p>\n\n\n\n<p>&#8220;Mandetta deixa um legado, uma estrutura para que o Brasil possa, em conjunto o governo federal, os estados e os munic\u00edpios, para atender da melhor forma poss\u00edvel a sociedade brasileira, mas principalmente aos brasileiros que precisam do Sistema \u00danico de Sa\u00fade&#8221;, disse Maia.<\/p>\n","protected":false},"excerpt":{"rendered":"<p>O plen\u00e1rio da C\u00e2mara dos Deputados aprovou hoje (16), em vota\u00e7\u00e3o simb\u00f3lica, o projeto de Lei (PL) 873\/202 que amplia a lista de categorias a&hellip; <\/p>\n","protected":false},"author":2,"featured_media":164507,"comment_status":"closed","ping_status":"closed","sticky":false,"template":"","format":"standard","meta":{"sfsi_plus_gutenberg_text_before_share":"","sfsi_plus_gutenberg_show_text_before_share":"","sfsi_plus_gutenberg_icon_type":"","sfsi_plus_gutenberg_icon_alignemt":"","sfsi_plus_gutenburg_max_per_row":"","footnotes":""},"categories":[2],"tags":[],"class_list":["post-164506","post","type-post","status-publish","format-standard","has-post-thumbnail","hentry","category-geral"],"_links":{"self":[{"href":"https:\/\/www.caririemacao.com\/1\/wp-json\/wp\/v2\/posts\/164506","targetHints":{"allow":["GET"]}}],"collection":[{"href":"https:\/\/www.caririemacao.com\/1\/wp-json\/wp\/v2\/posts"}],"about":[{"href":"https:\/\/www.caririemacao.com\/1\/wp-json\/wp\/v2\/types\/post"}],"author":[{"embeddable":true,"href":"https:\/\/www.caririemacao.com\/1\/wp-json\/wp\/v2\/users\/2"}],"replies":[{"embeddable":true,"href":"https:\/\/www.caririemacao.com\/1\/wp-json\/wp\/v2\/comments?post=164506"}],"version-history":[{"count":1,"href":"https:\/\/www.caririemacao.com\/1\/wp-json\/wp\/v2\/posts\/164506\/revisions"}],"predecessor-version":[{"id":164508,"href":"https:\/\/www.caririemacao.com\/1\/wp-json\/wp\/v2\/posts\/164506\/revisions\/164508"}],"wp:featuredmedia":[{"embeddable":true,"href":"https:\/\/www.caririemacao.com\/1\/wp-json\/wp\/v2\/media\/164507"}],"wp:attachment":[{"href":"https:\/\/www.caririemacao.com\/1\/wp-json\/wp\/v2\/media?parent=164506"}],"wp:term":[{"taxonomy":"category","embeddable":true,"href":"https:\/\/www.caririemacao.com\/1\/wp-json\/wp\/v2\/categories?post=164506"},{"taxonomy":"post_tag","embeddable":true,"href":"https:\/\/www.caririemacao.com\/1\/wp-json\/wp\/v2\/tags?post=164506"}],"curies":[{"name":"wp","href":"https:\/\/api.w.org\/{rel}","templated":true}]}}