{"id":164509,"date":"2020-04-17T09:26:00","date_gmt":"2020-04-17T12:26:00","guid":{"rendered":"http:\/\/www.caririemacao.com\/1\/?p=164509"},"modified":"2020-04-17T09:26:03","modified_gmt":"2020-04-17T12:26:03","slug":"covid-19-ministro-marcos-pontes-fala-sobre-pesquisas-brasileiras","status":"publish","type":"post","link":"https:\/\/www.caririemacao.com\/1\/2020\/04\/17\/covid-19-ministro-marcos-pontes-fala-sobre-pesquisas-brasileiras\/","title":{"rendered":"Covid-19: ministro Marcos Pontes fala sobre pesquisas brasileiras"},"content":{"rendered":"\n<p>O ministro da Ci\u00eancia, Tecnologia, Inova\u00e7\u00f5es e Comunica\u00e7\u00f5es (MCTIC), Marcos Pontes, participou na manh\u00e3 de hoje (15) de coletiva de imprensa no Pal\u00e1cio do Planalto. O ministro falou sobre o pesquisa brasileira em busca de solu\u00e7\u00f5es de combate ao novo coronav\u00edrus.&nbsp;<\/p>\n\n\n\n<p>Uma das linhas de pesquisa que conta com investimento do minist\u00e9rio est\u00e1 relacionada \u00e0 vacina BCG, usada contra a tuberculose. Para essa pesquisa, o minist\u00e9rio&nbsp;repassou R$ 600 mil que devem ser investidos em estudos cl\u00ednicos. A inten\u00e7\u00e3o \u00e9 testar se vacinados s\u00e3o mais resistentes ao coronav\u00edrus. A BCG \u00e9 aplicada logo no nascimento para prevenir formas graves de tuberculose em crian\u00e7as. Entretanto alguns dados recentes t\u00eam demonstrado que pa\u00edses que mantem o uso da BCG apresentaram menores propor\u00e7\u00f5es de covid-19 em compara\u00e7\u00e3o com pa\u00edses que suspenderam o uso da vacina como por exemplo os EUA, a Espanha e a It\u00e1lia.&nbsp;<\/p>\n\n\n\n<p>Outra pesquisa em andamento foi aprovada recentemente pela Comiss\u00e3o T\u00e9cnica Nacional em Biosseguran\u00e7a (CTNBio), ligada ao MCTIC. O estudo busca uma&nbsp;vacina contra o novo coronav\u00edrus e \u00e9 realizado pelo Centro de Pesquisa Ren\u00e9 Rachou \u2013 Fiocruz. Para realiza\u00e7\u00e3o do estudo, os cientistas ir\u00e3o manipular o v\u00edrus influenza com prote\u00ednas do v\u00edrus Sars-CoV2 (covid-19)&nbsp;para o desenvolvimento da vacina para dupla preven\u00e7\u00e3o da gripe sazonal e covid-19.&nbsp;<\/p>\n\n\n\n<h2 class=\"wp-block-heading\">Veja a transmiss\u00e3o na \u00edntegra:<\/h2>\n\n\n\n<figure><iframe allowfullscreen=\"true\" height=\"315\" data-src=\"https:\/\/www.facebook.com\/plugins\/video.php?href=https%3A%2F%2Fwww.facebook.com%2Fagenciabrasil.ebc%2Fvideos%2F1590596374449003%2F&amp;show_text=0&amp;width=560\" width=\"560\" src=\"data:image\/svg+xml;base64,PHN2ZyB3aWR0aD0iMSIgaGVpZ2h0PSIxIiB4bWxucz0iaHR0cDovL3d3dy53My5vcmcvMjAwMC9zdmciPjwvc3ZnPg==\" class=\"lazyload\" data-load-mode=\"1\"><\/iframe><\/figure>\n","protected":false},"excerpt":{"rendered":"<p>O ministro da Ci\u00eancia, Tecnologia, Inova\u00e7\u00f5es e Comunica\u00e7\u00f5es (MCTIC), Marcos Pontes, participou na manh\u00e3 de hoje (15) de coletiva de imprensa no Pal\u00e1cio do Planalto.&hellip; <\/p>\n","protected":false},"author":2,"featured_media":164510,"comment_status":"closed","ping_status":"closed","sticky":false,"template":"","format":"standard","meta":{"sfsi_plus_gutenberg_text_before_share":"","sfsi_plus_gutenberg_show_text_before_share":"","sfsi_plus_gutenberg_icon_type":"","sfsi_plus_gutenberg_icon_alignemt":"","sfsi_plus_gutenburg_max_per_row":"","footnotes":""},"categories":[16],"tags":[],"class_list":["post-164509","post","type-post","status-publish","format-standard","has-post-thumbnail","hentry","category-saude"],"_links":{"self":[{"href":"https:\/\/www.caririemacao.com\/1\/wp-json\/wp\/v2\/posts\/164509","targetHints":{"allow":["GET"]}}],"collection":[{"href":"https:\/\/www.caririemacao.com\/1\/wp-json\/wp\/v2\/posts"}],"about":[{"href":"https:\/\/www.caririemacao.com\/1\/wp-json\/wp\/v2\/types\/post"}],"author":[{"embeddable":true,"href":"https:\/\/www.caririemacao.com\/1\/wp-json\/wp\/v2\/users\/2"}],"replies":[{"embeddable":true,"href":"https:\/\/www.caririemacao.com\/1\/wp-json\/wp\/v2\/comments?post=164509"}],"version-history":[{"count":1,"href":"https:\/\/www.caririemacao.com\/1\/wp-json\/wp\/v2\/posts\/164509\/revisions"}],"predecessor-version":[{"id":164511,"href":"https:\/\/www.caririemacao.com\/1\/wp-json\/wp\/v2\/posts\/164509\/revisions\/164511"}],"wp:featuredmedia":[{"embeddable":true,"href":"https:\/\/www.caririemacao.com\/1\/wp-json\/wp\/v2\/media\/164510"}],"wp:attachment":[{"href":"https:\/\/www.caririemacao.com\/1\/wp-json\/wp\/v2\/media?parent=164509"}],"wp:term":[{"taxonomy":"category","embeddable":true,"href":"https:\/\/www.caririemacao.com\/1\/wp-json\/wp\/v2\/categories?post=164509"},{"taxonomy":"post_tag","embeddable":true,"href":"https:\/\/www.caririemacao.com\/1\/wp-json\/wp\/v2\/tags?post=164509"}],"curies":[{"name":"wp","href":"https:\/\/api.w.org\/{rel}","templated":true}]}}