{"id":164517,"date":"2020-04-17T09:28:38","date_gmt":"2020-04-17T12:28:38","guid":{"rendered":"http:\/\/www.caririemacao.com\/1\/?p=164517"},"modified":"2020-04-17T09:28:41","modified_gmt":"2020-04-17T12:28:41","slug":"para-novo-ministro-saude-e-economia-nao-competem-entre-si","status":"publish","type":"post","link":"https:\/\/www.caririemacao.com\/1\/2020\/04\/17\/para-novo-ministro-saude-e-economia-nao-competem-entre-si\/","title":{"rendered":"Para novo ministro, sa\u00fade e economia n\u00e3o competem entre si"},"content":{"rendered":"\n<p>O m\u00e9dico Nelson Teich, anunciado pelo presidente Jair Bolsonaro como novo ministro da Sa\u00fade, em substitui\u00e7\u00e3o a Luiz Henrique Mandetta, defendeu um programa testagem da popula\u00e7\u00e3o para o novo coronav\u00edrus, com o objetivo de mapear os infectados e acelerar o fim do isolamento social em vigor no pa\u00eds. Em seu primeiro pronunciamento ap\u00f3s ser apresentado pelo presidente, no Pal\u00e1cio do Planalto, na tarde desta quinta-feira (16), ele argumentou que \u00e9 preciso ter mais informa\u00e7\u00f5es sobre a dissemina\u00e7\u00e3o da doen\u00e7a na popula\u00e7\u00e3o.<\/p>\n\n\n\n<p>\u201cA gente tem que entender mais da doen\u00e7a.\u200b Quanto mais a gente entender da doen\u00e7a, maior vai ser a nossa capacidade de administrar o momento, planejar o futuro e sair desta pol\u00edtica do isolamento e do distanciamento. Para conhecer a doen\u00e7a, a gente vai ter que fazer um programa de testes. \u00c9 fundamental que a gente tenha uma avalia\u00e7\u00e3o do que que \u00e9 esta doen\u00e7a hoje\u201d, afirmou. Na \u00faltima atualiza\u00e7\u00e3o do Minist\u00e9rio da Sa\u00fade, do dia 13 de abril, a pasta informou ter distribu\u00eddo aos estados pouco mais de 1 milh\u00e3o de kits de testes r\u00e1pidos, n\u00famero ainda insuficiente para uma testagem em massa da popula\u00e7\u00e3o.<\/p>\n\n\n\n<p>Teich demonstrou alinhamento com as posi\u00e7\u00f5es do presidente da Rep\u00fablica ao dizer que n\u00e3o pode haver oposi\u00e7\u00e3o entre sa\u00fade e economia, e que as duas quest\u00f5es devem se tratadas ao mesmo tempo.<\/p>\n\n\n\n<p>\u201cA segunda coisa \u00e9 a gente discutir sa\u00fade e economia. Isso \u00e9 muito ruim porque, na verdade, estas coisas n\u00e3o competem entre si. Elas s\u00e3o completamente complementares. Quando voc\u00ea polariza uma coisa dessas, voc\u00ea come\u00e7a a tratar como se fossem pessoas versus dinheiro, o bem versus o mal, empregos versus pessoas doentes. E n\u00e3o \u00e9 nada disso. Tudo aqui vai ser tratado absolutamente de uma forma t\u00e9cnica e cient\u00edfica\u201d, argumentou.<\/p>\n\n\n\n<p><strong>Isolamento social<\/strong><\/p>\n\n\n\n<p>Teich assume o cargo em meio \u00e0 pandemia do novo coronav\u00edrus, que j\u00e1 infectou mais de 30 mil pessoas no pa\u00eds, levando cerca de 1,9 mil pacientes a \u00f3bito. Em um pronunciamento no Pal\u00e1cio do Planalto, ao lado do novo auxiliar, Jair Bolsonaro destacou que os mais pobres podem n\u00e3o suportar as medidas de isolamento social.<\/p>\n\n\n\n<p>\u201cO que eu conversei com o doutor Nelson \u00e9 que, gradativamente, n\u00f3s temos que abrir o emprego no Brasil. Essa grande massa de humildes n\u00e3o tem como ficar presa dentro de casa, e o que \u00e9 pior, quando voltar, n\u00e3o ter emprego. E o governo n\u00e3o tem como manter esse aux\u00edlio emergencial ou outras a\u00e7\u00f5es por muito tempo. J\u00e1 se gastou aproximadamente R$ 600 bilh\u00f5es, e podemos chegar a R$ 1 trilh\u00e3o\u201d, disse.<\/p>\n\n\n\n<p>O presidente ainda fez men\u00e7\u00e3o a governadores e prefeitos que t\u00eam adotado restri\u00e7\u00f5es de com\u00e9rcio e circula\u00e7\u00e3o que, segundo ele, violam garantias constitucionais.<\/p>\n\n\n\n<p>\u201cOs excessos que alguns cometeram, que se responsabilizem por eles. Jamais eu mandaria as minhas For\u00e7as Armadas prender quem quer que seja que estivesse nas ruas. Jamais eu, como chefe do Executivo, vou retirar o direito constitucional de ir e vir, seja qual for o cidad\u00e3o. Devemos tomar medidas, sim, para evitar a prolifera\u00e7\u00e3o ou a expans\u00e3o do v\u00edrus, mas pelo convencimento e com medidas que n\u00e3o atinjam a liberdade e a garantia individual de qualquer cidad\u00e3o. Jamais cercearemos qualquer direito fundamental de um cidad\u00e3o\u201d, afirmou.<\/p>\n","protected":false},"excerpt":{"rendered":"<p>O m\u00e9dico Nelson Teich, anunciado pelo presidente Jair Bolsonaro como novo ministro da Sa\u00fade, em substitui\u00e7\u00e3o a Luiz Henrique Mandetta, defendeu um programa testagem da&hellip; <\/p>\n","protected":false},"author":2,"featured_media":164518,"comment_status":"closed","ping_status":"closed","sticky":false,"template":"","format":"standard","meta":{"sfsi_plus_gutenberg_text_before_share":"","sfsi_plus_gutenberg_show_text_before_share":"","sfsi_plus_gutenberg_icon_type":"","sfsi_plus_gutenberg_icon_alignemt":"","sfsi_plus_gutenburg_max_per_row":"","footnotes":""},"categories":[2],"tags":[],"class_list":["post-164517","post","type-post","status-publish","format-standard","has-post-thumbnail","hentry","category-geral"],"_links":{"self":[{"href":"https:\/\/www.caririemacao.com\/1\/wp-json\/wp\/v2\/posts\/164517","targetHints":{"allow":["GET"]}}],"collection":[{"href":"https:\/\/www.caririemacao.com\/1\/wp-json\/wp\/v2\/posts"}],"about":[{"href":"https:\/\/www.caririemacao.com\/1\/wp-json\/wp\/v2\/types\/post"}],"author":[{"embeddable":true,"href":"https:\/\/www.caririemacao.com\/1\/wp-json\/wp\/v2\/users\/2"}],"replies":[{"embeddable":true,"href":"https:\/\/www.caririemacao.com\/1\/wp-json\/wp\/v2\/comments?post=164517"}],"version-history":[{"count":1,"href":"https:\/\/www.caririemacao.com\/1\/wp-json\/wp\/v2\/posts\/164517\/revisions"}],"predecessor-version":[{"id":164519,"href":"https:\/\/www.caririemacao.com\/1\/wp-json\/wp\/v2\/posts\/164517\/revisions\/164519"}],"wp:featuredmedia":[{"embeddable":true,"href":"https:\/\/www.caririemacao.com\/1\/wp-json\/wp\/v2\/media\/164518"}],"wp:attachment":[{"href":"https:\/\/www.caririemacao.com\/1\/wp-json\/wp\/v2\/media?parent=164517"}],"wp:term":[{"taxonomy":"category","embeddable":true,"href":"https:\/\/www.caririemacao.com\/1\/wp-json\/wp\/v2\/categories?post=164517"},{"taxonomy":"post_tag","embeddable":true,"href":"https:\/\/www.caririemacao.com\/1\/wp-json\/wp\/v2\/tags?post=164517"}],"curies":[{"name":"wp","href":"https:\/\/api.w.org\/{rel}","templated":true}]}}