{"id":164521,"date":"2020-04-17T10:33:22","date_gmt":"2020-04-17T13:33:22","guid":{"rendered":"http:\/\/www.caririemacao.com\/1\/?p=164521"},"modified":"2020-04-17T10:33:24","modified_gmt":"2020-04-17T13:33:24","slug":"covid-19-secretaria-de-saude-de-sao-joao-do-cariri-confirma-tres-casos-suspeitos-no-municipio","status":"publish","type":"post","link":"https:\/\/www.caririemacao.com\/1\/2020\/04\/17\/covid-19-secretaria-de-saude-de-sao-joao-do-cariri-confirma-tres-casos-suspeitos-no-municipio\/","title":{"rendered":"Covid-19: Secretaria de Sa\u00fade de S\u00e3o Jo\u00e3o do Cariri confirma tr\u00eas casos suspeitos no munic\u00edpio"},"content":{"rendered":"\n<p>A Secretaria de Sa\u00fade de S\u00e3o Jo\u00e3o do Cariri confirmou a exist\u00eancia de tr\u00eas casos suspeitos no munic\u00edpio. A confirma\u00e7\u00e3o foi feita pela Secret\u00e1ria Elian Antonino.<\/p>\n\n\n\n<p>De acordo com a Secret\u00e1ria no momento a cidade conta com os tr\u00eas casos suspeitos, sendo um deles j\u00e1 descartado. Sem citar nomes como \u00e9 orientado a Secret\u00e1ria Elian disse que essas pessoas sentiram sintomas semelhantes ao do Covid-19 e foram notificadas, encaminhadas para o isolamento, juntamente com familiares e est\u00e3o sendo acompanhadas por uma equipe da Secretaria de Sa\u00fade.<\/p>\n\n\n\n<p>Em nota a Prefeitura de S\u00e3o Jo\u00e3o do Cariri disse que todos os procedimentos dentro do que preconiza o Minist\u00e9rio da Sa\u00fade est\u00e3o sendo adotados no munic\u00edpio desde o in\u00edcio da pandemia.<\/p>\n\n\n\n<p>O Prefeito Helder Trajano tamb\u00e9m deu declara\u00e7\u00f5es pelas redes sociais.<\/p>\n\n\n\n<p>\u201cNossa gest\u00e3o tem tomado todas as medidas desde antes e continuaremos buscando fortalecer ainda mais nossas a\u00e7\u00f5es, por\u00e9m contamos com a colabora\u00e7\u00e3o de todos com o isolamento e cumprindo com as determina\u00e7\u00f5es do minist\u00e9rio da sa\u00fade\u201d, relatou o gestor.<\/p>\n\n\n\n<p><em>Ascom \u2013 PMSJC<\/em><\/p>\n","protected":false},"excerpt":{"rendered":"<p>A Secretaria de Sa\u00fade de S\u00e3o Jo\u00e3o do Cariri confirmou a exist\u00eancia de tr\u00eas casos suspeitos no munic\u00edpio. A confirma\u00e7\u00e3o foi feita pela Secret\u00e1ria Elian&hellip; <\/p>\n","protected":false},"author":1,"featured_media":163126,"comment_status":"closed","ping_status":"closed","sticky":false,"template":"","format":"standard","meta":{"sfsi_plus_gutenberg_text_before_share":"","sfsi_plus_gutenberg_show_text_before_share":"","sfsi_plus_gutenberg_icon_type":"","sfsi_plus_gutenberg_icon_alignemt":"","sfsi_plus_gutenburg_max_per_row":"","footnotes":""},"categories":[6,50],"tags":[],"class_list":["post-164521","post","type-post","status-publish","format-standard","has-post-thumbnail","hentry","category-cidades","category-destaque"],"_links":{"self":[{"href":"https:\/\/www.caririemacao.com\/1\/wp-json\/wp\/v2\/posts\/164521","targetHints":{"allow":["GET"]}}],"collection":[{"href":"https:\/\/www.caririemacao.com\/1\/wp-json\/wp\/v2\/posts"}],"about":[{"href":"https:\/\/www.caririemacao.com\/1\/wp-json\/wp\/v2\/types\/post"}],"author":[{"embeddable":true,"href":"https:\/\/www.caririemacao.com\/1\/wp-json\/wp\/v2\/users\/1"}],"replies":[{"embeddable":true,"href":"https:\/\/www.caririemacao.com\/1\/wp-json\/wp\/v2\/comments?post=164521"}],"version-history":[{"count":1,"href":"https:\/\/www.caririemacao.com\/1\/wp-json\/wp\/v2\/posts\/164521\/revisions"}],"predecessor-version":[{"id":164522,"href":"https:\/\/www.caririemacao.com\/1\/wp-json\/wp\/v2\/posts\/164521\/revisions\/164522"}],"wp:featuredmedia":[{"embeddable":true,"href":"https:\/\/www.caririemacao.com\/1\/wp-json\/wp\/v2\/media\/163126"}],"wp:attachment":[{"href":"https:\/\/www.caririemacao.com\/1\/wp-json\/wp\/v2\/media?parent=164521"}],"wp:term":[{"taxonomy":"category","embeddable":true,"href":"https:\/\/www.caririemacao.com\/1\/wp-json\/wp\/v2\/categories?post=164521"},{"taxonomy":"post_tag","embeddable":true,"href":"https:\/\/www.caririemacao.com\/1\/wp-json\/wp\/v2\/tags?post=164521"}],"curies":[{"name":"wp","href":"https:\/\/api.w.org\/{rel}","templated":true}]}}