{"id":164525,"date":"2020-04-17T12:40:31","date_gmt":"2020-04-17T15:40:31","guid":{"rendered":"http:\/\/www.caririemacao.com\/1\/?p=164525"},"modified":"2020-04-17T12:40:33","modified_gmt":"2020-04-17T15:40:33","slug":"justica-nega-pedido-de-ricardo-coutinho-para-sair-da-paraiba-e-trabalhar-em-brasilia","status":"publish","type":"post","link":"https:\/\/www.caririemacao.com\/1\/2020\/04\/17\/justica-nega-pedido-de-ricardo-coutinho-para-sair-da-paraiba-e-trabalhar-em-brasilia\/","title":{"rendered":"Justi\u00e7a nega pedido de Ricardo Coutinho para sair da Para\u00edba e trabalhar em Bras\u00edlia"},"content":{"rendered":"\n<p>O desembargador do Tribunal de Justi\u00e7a da Para\u00edba (TJPB), Ricardo Vital de Almeida, rejeitou o agravo interno protocolado pelo ex-governador Ricardo Coutinho contra medida cautelar que o impede de se ausentar da comarca. Coutinho queria autoriza\u00e7\u00e3o para viajar semanalmente a Bras\u00edlia, para trabalhar presencialmente na Funda\u00e7\u00e3o Jo\u00e3o Mangabeira, mantida pelo PSB.&nbsp;<\/p>\n\n\n\n<p>O ex-governador foi alvo da s\u00e9tima fase da Opera\u00e7\u00e3o Calv\u00e1rio, batizada de Ju\u00edzo Final. Ele chegou a ser preso em dezembro, mas conseguiu um habeas corpus dois dias depois.<\/p>\n\n\n\n<p>Na decis\u00e3o monocr\u00e1tica, que foi publicada nesta sexta-feira (17) no Di\u00e1rio da Justi\u00e7a, o desembargador levou em conta as medidas cautelares impostas pelo Superior Tribunal de Justi\u00e7a (STJ).&nbsp;<\/p>\n\n\n\n<p>Ao conceder habeas corpus ao ex-governador, a 5\u00aa Turma do STJ, definiu medidas como o comparecimento peri\u00f3dico em ju\u00edzo; proibi\u00e7\u00e3o de manter contato com os demais investigados da Opera\u00e7\u00e3o Calv\u00e1rio, exceto seus familiares at\u00e9 o quarto grau, o uso de tornozeleira eletr\u00f4nica, e a proibi\u00e7\u00e3o de se ausentar da comarca domiciliar e sem pr\u00e9via e expressa autoriza\u00e7\u00e3o do Ju\u00edzo.<\/p>\n\n\n\n<p>Ricardo Coutinho j\u00e1 havia recorrido ao STJ, pedindo a retirada da tornozeleira eletr\u00f4nica, mas o pedido foi rejeitado pela ministra Laurita Vaz.<\/p>\n","protected":false},"excerpt":{"rendered":"<p>O desembargador do Tribunal de Justi\u00e7a da Para\u00edba (TJPB), Ricardo Vital de Almeida, rejeitou o agravo interno protocolado pelo ex-governador Ricardo Coutinho contra medida cautelar&hellip; <\/p>\n","protected":false},"author":2,"featured_media":164526,"comment_status":"closed","ping_status":"closed","sticky":false,"template":"","format":"standard","meta":{"sfsi_plus_gutenberg_text_before_share":"","sfsi_plus_gutenberg_show_text_before_share":"","sfsi_plus_gutenberg_icon_type":"","sfsi_plus_gutenberg_icon_alignemt":"","sfsi_plus_gutenburg_max_per_row":"","footnotes":""},"categories":[2],"tags":[],"class_list":["post-164525","post","type-post","status-publish","format-standard","has-post-thumbnail","hentry","category-geral"],"_links":{"self":[{"href":"https:\/\/www.caririemacao.com\/1\/wp-json\/wp\/v2\/posts\/164525","targetHints":{"allow":["GET"]}}],"collection":[{"href":"https:\/\/www.caririemacao.com\/1\/wp-json\/wp\/v2\/posts"}],"about":[{"href":"https:\/\/www.caririemacao.com\/1\/wp-json\/wp\/v2\/types\/post"}],"author":[{"embeddable":true,"href":"https:\/\/www.caririemacao.com\/1\/wp-json\/wp\/v2\/users\/2"}],"replies":[{"embeddable":true,"href":"https:\/\/www.caririemacao.com\/1\/wp-json\/wp\/v2\/comments?post=164525"}],"version-history":[{"count":1,"href":"https:\/\/www.caririemacao.com\/1\/wp-json\/wp\/v2\/posts\/164525\/revisions"}],"predecessor-version":[{"id":164527,"href":"https:\/\/www.caririemacao.com\/1\/wp-json\/wp\/v2\/posts\/164525\/revisions\/164527"}],"wp:featuredmedia":[{"embeddable":true,"href":"https:\/\/www.caririemacao.com\/1\/wp-json\/wp\/v2\/media\/164526"}],"wp:attachment":[{"href":"https:\/\/www.caririemacao.com\/1\/wp-json\/wp\/v2\/media?parent=164525"}],"wp:term":[{"taxonomy":"category","embeddable":true,"href":"https:\/\/www.caririemacao.com\/1\/wp-json\/wp\/v2\/categories?post=164525"},{"taxonomy":"post_tag","embeddable":true,"href":"https:\/\/www.caririemacao.com\/1\/wp-json\/wp\/v2\/tags?post=164525"}],"curies":[{"name":"wp","href":"https:\/\/api.w.org\/{rel}","templated":true}]}}