{"id":164532,"date":"2020-04-17T12:43:24","date_gmt":"2020-04-17T15:43:24","guid":{"rendered":"http:\/\/www.caririemacao.com\/1\/?p=164532"},"modified":"2020-04-17T12:43:26","modified_gmt":"2020-04-17T15:43:26","slug":"gracas-a-isolamento-apenas-25-dos-leitos-de-uti-da-paraiba-estao-ocupados-revela-geraldo-medeiros","status":"publish","type":"post","link":"https:\/\/www.caririemacao.com\/1\/2020\/04\/17\/gracas-a-isolamento-apenas-25-dos-leitos-de-uti-da-paraiba-estao-ocupados-revela-geraldo-medeiros\/","title":{"rendered":"Gra\u00e7as a isolamento, apenas 25% dos leitos de UTI da Para\u00edba est\u00e3o ocupados, revela Geraldo Medeiros"},"content":{"rendered":"\n<p>A Para\u00edba est\u00e1 com 25% dos leitos de UTI ocupados, de acordo com o secret\u00e1rio de Estado da Sa\u00fade, Geraldo Medeiros, que concedeu entrevista ao ClickPB. Segundo ele, a Para\u00edba est\u00e1 em uma situa\u00e7\u00e3o confort\u00e1vel gra\u00e7as ao isolamento social.<\/p>\n\n\n\n<p>O secret\u00e1rio destacou que a expectativa \u00e9 de que a ocupa\u00e7\u00e3o se intensifique nas pr\u00f3ximas duas semanas, pela curva de crescimento de casos, e, por isso, \u00e9 importante manter o distanciamento social.&nbsp;<\/p>\n\n\n\n<p>Ele comentou que o Cear\u00e1 j\u00e1 est\u00e1 com 100% dos leitos de UTI ocupados, enquanto Pernambuco est\u00e1 com 90%. &#8221;Isso mostra que estamos no caminho certo mantendo o isolamento social&#8221;, disse ele.<\/p>\n\n\n\n<p>Em live transmitida nessa quinta-feira (16), o secret\u00e1rio tamb\u00e9m pediu a popula\u00e7\u00e3o que sempre que houver necessidade de sair de casa, as pessoas usem m\u00e1scaras de tecido, que podem ser feitas em casa mesmo, para proteger a si mesmo e aos outros.<\/p>\n","protected":false},"excerpt":{"rendered":"<p>A Para\u00edba est\u00e1 com 25% dos leitos de UTI ocupados, de acordo com o secret\u00e1rio de Estado da Sa\u00fade, Geraldo Medeiros, que concedeu entrevista ao&hellip; <\/p>\n","protected":false},"author":2,"featured_media":164533,"comment_status":"closed","ping_status":"closed","sticky":false,"template":"","format":"standard","meta":{"sfsi_plus_gutenberg_text_before_share":"","sfsi_plus_gutenberg_show_text_before_share":"","sfsi_plus_gutenberg_icon_type":"","sfsi_plus_gutenberg_icon_alignemt":"","sfsi_plus_gutenburg_max_per_row":"","footnotes":""},"categories":[2],"tags":[],"class_list":["post-164532","post","type-post","status-publish","format-standard","has-post-thumbnail","hentry","category-geral"],"_links":{"self":[{"href":"https:\/\/www.caririemacao.com\/1\/wp-json\/wp\/v2\/posts\/164532","targetHints":{"allow":["GET"]}}],"collection":[{"href":"https:\/\/www.caririemacao.com\/1\/wp-json\/wp\/v2\/posts"}],"about":[{"href":"https:\/\/www.caririemacao.com\/1\/wp-json\/wp\/v2\/types\/post"}],"author":[{"embeddable":true,"href":"https:\/\/www.caririemacao.com\/1\/wp-json\/wp\/v2\/users\/2"}],"replies":[{"embeddable":true,"href":"https:\/\/www.caririemacao.com\/1\/wp-json\/wp\/v2\/comments?post=164532"}],"version-history":[{"count":1,"href":"https:\/\/www.caririemacao.com\/1\/wp-json\/wp\/v2\/posts\/164532\/revisions"}],"predecessor-version":[{"id":164534,"href":"https:\/\/www.caririemacao.com\/1\/wp-json\/wp\/v2\/posts\/164532\/revisions\/164534"}],"wp:featuredmedia":[{"embeddable":true,"href":"https:\/\/www.caririemacao.com\/1\/wp-json\/wp\/v2\/media\/164533"}],"wp:attachment":[{"href":"https:\/\/www.caririemacao.com\/1\/wp-json\/wp\/v2\/media?parent=164532"}],"wp:term":[{"taxonomy":"category","embeddable":true,"href":"https:\/\/www.caririemacao.com\/1\/wp-json\/wp\/v2\/categories?post=164532"},{"taxonomy":"post_tag","embeddable":true,"href":"https:\/\/www.caririemacao.com\/1\/wp-json\/wp\/v2\/tags?post=164532"}],"curies":[{"name":"wp","href":"https:\/\/api.w.org\/{rel}","templated":true}]}}