{"id":164538,"date":"2020-04-17T12:48:08","date_gmt":"2020-04-17T15:48:08","guid":{"rendered":"http:\/\/www.caririemacao.com\/1\/?p=164538"},"modified":"2020-04-17T12:50:30","modified_gmt":"2020-04-17T15:50:30","slug":"bolsonaro-defende-gusttavo-lima-e-diz-que-cantor-foi-covardemente-atacado","status":"publish","type":"post","link":"https:\/\/www.caririemacao.com\/1\/2020\/04\/17\/bolsonaro-defende-gusttavo-lima-e-diz-que-cantor-foi-covardemente-atacado\/","title":{"rendered":"Bolsonaro defende Gusttavo Lima e diz que cantor foi \u201ccovardemente atacado\u201d"},"content":{"rendered":"\n<p>O presidente Jair Bolsonaro (sem partido) saiu em defesa do cantor sertanejo Gusttavo Lima. Por meio do seu perfil oficial no Twitter, o presidente afirmou que o artista \u201cvem sendo injusta e covardemente atacado\u201d pelas lives que ele fez nos \u00faltimos dias.<\/p>\n\n\n\n<p>As transmiss\u00f5es de shows direto da casa do cantor foram alvo de den\u00fancias de consumidores que consideram que as a\u00e7\u00f5es publicit\u00e1rias durante as lives n\u00e3o seguiram os cuidados recomendados pelo C\u00f3digo Brasileiro de Autorregulamenta\u00e7\u00e3o Publicit\u00e1ria para a publicidade de bebidas alco\u00f3licas. Com isso, o Conar abriu uma representa\u00e7\u00e3o \u00e9tica contra Gusttavo e a Ambev.<\/p>\n\n\n\n<p>Na mensagem em apoio ao cantor, Bolsonaro destacou que Gusttavo \u201ce outros artistas sertanejos e de demais g\u00eaneros, t\u00eam sido grandes her\u00f3is nessa luta contra a Covid-19 e merecem aplausos\u201d.<\/p>\n\n\n\n<p><strong>LEIA MAIS<\/strong>:&nbsp;<a href=\"https:\/\/www.clickpb.com.br\/brasil\/gusttavo-lima-rebate-criticas-apos-conar-abrir-representacao-contra-cantor-por-lives-com-bebidas-alcoolicas-282273.html\">Gusttavo Lima rebate cr\u00edticas ap\u00f3s Conar abrir representa\u00e7\u00e3o contra cantor por lives com bebidas alco\u00f3licas<\/a><br><\/p>\n\n\n\n<p>\u201cTomaram uma iniciativa espont\u00e2nea louv\u00e1vel, demonstrando amor pelo seu povo e pa\u00eds, levando entretenimento e conforto para a casa de milh\u00f5es de fam\u00edlias neste momento de estresse, al\u00e9m de arrecadarem toneladas de alimentos e promoverem grandes doa\u00e7\u00f5es. O Brasil agradece!\u201d, escreveu o presidente.<\/p>\n\n\n\n<figure class=\"wp-block-image\"><img decoding=\"async\" src=\"https:\/\/www.clickpb.com.br\/media\/filer_public\/17\/bc\/17bc8ef9-140b-4a81-97bb-2faeb3f9cf0d\/blob\" alt=\"\"\/><\/figure>\n\n\n\n<p>Na quinta-feira, o artista fez um desabafo nas redes sociais, e anunciou o fim das apresenta\u00e7\u00f5es. \u201cAcho que o grande segredo da live \u00e9 tirar o len\u00e7ol do fantasma. Acho que uma live engessada e politicamente correta n\u00e3o tem gra\u00e7a\u201d, come\u00e7ou o sertanejo. \u201cO bom s\u00e3o as brincadeiras, a vontade, levar alegria alto astral para as pessoas que est\u00e3o agoniadas nesse momento. N\u00e3o farei live pra ser censurado\u201d, disparou o cantor.<\/p>\n","protected":false},"excerpt":{"rendered":"<p>O presidente Jair Bolsonaro (sem partido) saiu em defesa do cantor sertanejo Gusttavo Lima. Por meio do seu perfil oficial no Twitter, o presidente afirmou&hellip; <\/p>\n","protected":false},"author":2,"featured_media":164539,"comment_status":"closed","ping_status":"closed","sticky":false,"template":"","format":"standard","meta":{"sfsi_plus_gutenberg_text_before_share":"","sfsi_plus_gutenberg_show_text_before_share":"","sfsi_plus_gutenberg_icon_type":"","sfsi_plus_gutenberg_icon_alignemt":"","sfsi_plus_gutenburg_max_per_row":"","footnotes":""},"categories":[11],"tags":[],"class_list":["post-164538","post","type-post","status-publish","format-standard","has-post-thumbnail","hentry","category-politica"],"_links":{"self":[{"href":"https:\/\/www.caririemacao.com\/1\/wp-json\/wp\/v2\/posts\/164538","targetHints":{"allow":["GET"]}}],"collection":[{"href":"https:\/\/www.caririemacao.com\/1\/wp-json\/wp\/v2\/posts"}],"about":[{"href":"https:\/\/www.caririemacao.com\/1\/wp-json\/wp\/v2\/types\/post"}],"author":[{"embeddable":true,"href":"https:\/\/www.caririemacao.com\/1\/wp-json\/wp\/v2\/users\/2"}],"replies":[{"embeddable":true,"href":"https:\/\/www.caririemacao.com\/1\/wp-json\/wp\/v2\/comments?post=164538"}],"version-history":[{"count":1,"href":"https:\/\/www.caririemacao.com\/1\/wp-json\/wp\/v2\/posts\/164538\/revisions"}],"predecessor-version":[{"id":164540,"href":"https:\/\/www.caririemacao.com\/1\/wp-json\/wp\/v2\/posts\/164538\/revisions\/164540"}],"wp:featuredmedia":[{"embeddable":true,"href":"https:\/\/www.caririemacao.com\/1\/wp-json\/wp\/v2\/media\/164539"}],"wp:attachment":[{"href":"https:\/\/www.caririemacao.com\/1\/wp-json\/wp\/v2\/media?parent=164538"}],"wp:term":[{"taxonomy":"category","embeddable":true,"href":"https:\/\/www.caririemacao.com\/1\/wp-json\/wp\/v2\/categories?post=164538"},{"taxonomy":"post_tag","embeddable":true,"href":"https:\/\/www.caririemacao.com\/1\/wp-json\/wp\/v2\/tags?post=164538"}],"curies":[{"name":"wp","href":"https:\/\/api.w.org\/{rel}","templated":true}]}}