{"id":164551,"date":"2020-04-17T13:10:44","date_gmt":"2020-04-17T16:10:44","guid":{"rendered":"http:\/\/www.caririemacao.com\/1\/?p=164551"},"modified":"2020-04-17T13:10:45","modified_gmt":"2020-04-17T16:10:45","slug":"igp-m-acumula-taxa-de-inflacao-de-689-em-12-meses-diz-fgv","status":"publish","type":"post","link":"https:\/\/www.caririemacao.com\/1\/2020\/04\/17\/igp-m-acumula-taxa-de-inflacao-de-689-em-12-meses-diz-fgv\/","title":{"rendered":"IGP-M acumula taxa de infla\u00e7\u00e3o de 6,89% em 12 meses, diz FGV"},"content":{"rendered":"\n<p>O \u00cdndice Geral de Pre\u00e7os &#8211; Mercado (IGP-M), usado no reajuste dos contratos de aluguel, registrou infla\u00e7\u00e3o de 1% na segunda pr\u00e9via de abril deste ano.&nbsp; A taxa ficou levemente acima da segunda pr\u00e9via de mar\u00e7o (0,99%), segundo a Funda\u00e7\u00e3o Getulio Vargas (FGV). Com isso, o indicador acumula taxa de 6,89% em 12 meses.<\/p>\n\n\n\n<p>A leve alta na taxa foi puxada pelos pre\u00e7os no varejo. O \u00cdndice de Pre\u00e7os ao Consumidor, que mede o varejo, subiu de 0,04% em mar\u00e7o para 0,28% em abril.<\/p>\n\n\n\n<p>Por outro lado, houve queda na taxa do atacado e na constru\u00e7\u00e3o. O \u00cdndice de Pre\u00e7os ao Produtor Amplo, que mede o atacado, passou de 1,41% em mar\u00e7o para 1,36% em abril.<\/p>\n\n\n\n<p>O \u00cdndice Nacional de Custo da Constru\u00e7\u00e3o passou de 0,37% para 0,22%.<\/p>\n","protected":false},"excerpt":{"rendered":"<p>O \u00cdndice Geral de Pre\u00e7os &#8211; Mercado (IGP-M), usado no reajuste dos contratos de aluguel, registrou infla\u00e7\u00e3o de 1% na segunda pr\u00e9via de abril deste&hellip; <\/p>\n","protected":false},"author":2,"featured_media":164552,"comment_status":"closed","ping_status":"closed","sticky":false,"template":"","format":"standard","meta":{"sfsi_plus_gutenberg_text_before_share":"","sfsi_plus_gutenberg_show_text_before_share":"","sfsi_plus_gutenberg_icon_type":"","sfsi_plus_gutenberg_icon_alignemt":"","sfsi_plus_gutenburg_max_per_row":"","footnotes":""},"categories":[2],"tags":[],"class_list":["post-164551","post","type-post","status-publish","format-standard","has-post-thumbnail","hentry","category-geral"],"_links":{"self":[{"href":"https:\/\/www.caririemacao.com\/1\/wp-json\/wp\/v2\/posts\/164551","targetHints":{"allow":["GET"]}}],"collection":[{"href":"https:\/\/www.caririemacao.com\/1\/wp-json\/wp\/v2\/posts"}],"about":[{"href":"https:\/\/www.caririemacao.com\/1\/wp-json\/wp\/v2\/types\/post"}],"author":[{"embeddable":true,"href":"https:\/\/www.caririemacao.com\/1\/wp-json\/wp\/v2\/users\/2"}],"replies":[{"embeddable":true,"href":"https:\/\/www.caririemacao.com\/1\/wp-json\/wp\/v2\/comments?post=164551"}],"version-history":[{"count":1,"href":"https:\/\/www.caririemacao.com\/1\/wp-json\/wp\/v2\/posts\/164551\/revisions"}],"predecessor-version":[{"id":164553,"href":"https:\/\/www.caririemacao.com\/1\/wp-json\/wp\/v2\/posts\/164551\/revisions\/164553"}],"wp:featuredmedia":[{"embeddable":true,"href":"https:\/\/www.caririemacao.com\/1\/wp-json\/wp\/v2\/media\/164552"}],"wp:attachment":[{"href":"https:\/\/www.caririemacao.com\/1\/wp-json\/wp\/v2\/media?parent=164551"}],"wp:term":[{"taxonomy":"category","embeddable":true,"href":"https:\/\/www.caririemacao.com\/1\/wp-json\/wp\/v2\/categories?post=164551"},{"taxonomy":"post_tag","embeddable":true,"href":"https:\/\/www.caririemacao.com\/1\/wp-json\/wp\/v2\/tags?post=164551"}],"curies":[{"name":"wp","href":"https:\/\/api.w.org\/{rel}","templated":true}]}}