{"id":164560,"date":"2020-04-17T13:47:04","date_gmt":"2020-04-17T16:47:04","guid":{"rendered":"http:\/\/www.caririemacao.com\/1\/?p=164560"},"modified":"2020-04-17T13:47:07","modified_gmt":"2020-04-17T16:47:07","slug":"cni-lanca-ferramenta-para-calcular-reducao-de-jornada-e-salario","status":"publish","type":"post","link":"https:\/\/www.caririemacao.com\/1\/2020\/04\/17\/cni-lanca-ferramenta-para-calcular-reducao-de-jornada-e-salario\/","title":{"rendered":"CNI lan\u00e7a ferramenta para calcular redu\u00e7\u00e3o de jornada e sal\u00e1rio"},"content":{"rendered":"\n<p>A Confedera\u00e7\u00e3o Nacional da Ind\u00fastria (CNI) disponibilizou uma&nbsp;<a href=\"http:\/\/www.portaldaindustria.com.br\/canais\/industria-contra-covid-19\/impacto-economico\/#anchor-simulador\" target=\"_blank\" rel=\"noreferrer noopener\">calculadora<\/a>&nbsp;para ajudar as empresas a calcular a redu\u00e7\u00e3o proporcional de jornada e sal\u00e1rio, feita por acordos previstos na Medida Provis\u00f3ria n\u00ba 936.<\/p>\n\n\n\n<p>A ferramenta online e gratuita permite que se fa\u00e7a simula\u00e7\u00f5es de acordos de redu\u00e7\u00e3o de jornada e sal\u00e1rio em todas as faixas previstas na norma. Com os dados preenchidos, a calculadora informa o valor a ser pago pelo empregador, o valor da ajuda compensat\u00f3ria \u2013 se houver \u2013, o valor do benef\u00edcio emergencial e total que o trabalhador receber\u00e1.<\/p>\n\n\n\n<h2 class=\"wp-block-heading\">Suspens\u00e3o de contratos de trabalho<\/h2>\n\n\n\n<p>Outra possibilidade trazida pela MP 936 para as empresas \u00e9 a&nbsp;<a href=\"http:\/\/agenciabrasil.ebc.com.br\/economia\/noticia\/2020-04\/empregado-suspenso-do-trabalho-recebera-ate-100-do-seguro-desemprego\" target=\"_blank\" rel=\"noreferrer noopener\">suspens\u00e3o do contrato de trabalho<\/a>&nbsp;de seus empregados.<\/p>\n\n\n\n<p>Com dura\u00e7\u00e3o m\u00e1xima de 60 dias, esse instrumento tem exig\u00eancias distintas para empresas que tiveram faturamento acima ou abaixo de R$ 4,8 milh\u00f5es em 2019.<\/p>\n\n\n\n<p>Para ambas as situa\u00e7\u00f5es, a Calculadora MP 936 oferece os valores a serem pagos pela empresa, pelo governo \u2013 a t\u00edtulo de benef\u00edcio emergencial \u2013 e o sal\u00e1rio que o trabalhador receber\u00e1.<\/p>\n","protected":false},"excerpt":{"rendered":"<p>A Confedera\u00e7\u00e3o Nacional da Ind\u00fastria (CNI) disponibilizou uma&nbsp;calculadora&nbsp;para ajudar as empresas a calcular a redu\u00e7\u00e3o proporcional de jornada e sal\u00e1rio, feita por acordos previstos na&hellip; <\/p>\n","protected":false},"author":2,"featured_media":164561,"comment_status":"closed","ping_status":"closed","sticky":false,"template":"","format":"standard","meta":{"sfsi_plus_gutenberg_text_before_share":"","sfsi_plus_gutenberg_show_text_before_share":"","sfsi_plus_gutenberg_icon_type":"","sfsi_plus_gutenberg_icon_alignemt":"","sfsi_plus_gutenburg_max_per_row":"","footnotes":""},"categories":[2],"tags":[],"class_list":["post-164560","post","type-post","status-publish","format-standard","has-post-thumbnail","hentry","category-geral"],"_links":{"self":[{"href":"https:\/\/www.caririemacao.com\/1\/wp-json\/wp\/v2\/posts\/164560","targetHints":{"allow":["GET"]}}],"collection":[{"href":"https:\/\/www.caririemacao.com\/1\/wp-json\/wp\/v2\/posts"}],"about":[{"href":"https:\/\/www.caririemacao.com\/1\/wp-json\/wp\/v2\/types\/post"}],"author":[{"embeddable":true,"href":"https:\/\/www.caririemacao.com\/1\/wp-json\/wp\/v2\/users\/2"}],"replies":[{"embeddable":true,"href":"https:\/\/www.caririemacao.com\/1\/wp-json\/wp\/v2\/comments?post=164560"}],"version-history":[{"count":1,"href":"https:\/\/www.caririemacao.com\/1\/wp-json\/wp\/v2\/posts\/164560\/revisions"}],"predecessor-version":[{"id":164562,"href":"https:\/\/www.caririemacao.com\/1\/wp-json\/wp\/v2\/posts\/164560\/revisions\/164562"}],"wp:featuredmedia":[{"embeddable":true,"href":"https:\/\/www.caririemacao.com\/1\/wp-json\/wp\/v2\/media\/164561"}],"wp:attachment":[{"href":"https:\/\/www.caririemacao.com\/1\/wp-json\/wp\/v2\/media?parent=164560"}],"wp:term":[{"taxonomy":"category","embeddable":true,"href":"https:\/\/www.caririemacao.com\/1\/wp-json\/wp\/v2\/categories?post=164560"},{"taxonomy":"post_tag","embeddable":true,"href":"https:\/\/www.caririemacao.com\/1\/wp-json\/wp\/v2\/tags?post=164560"}],"curies":[{"name":"wp","href":"https:\/\/api.w.org\/{rel}","templated":true}]}}