{"id":164563,"date":"2020-04-17T13:49:44","date_gmt":"2020-04-17T16:49:44","guid":{"rendered":"http:\/\/www.caririemacao.com\/1\/?p=164563"},"modified":"2020-04-17T13:49:46","modified_gmt":"2020-04-17T16:49:46","slug":"cientistas-testam-remedio-que-reduz-94-da-carga-viral-da-covid-19","status":"publish","type":"post","link":"https:\/\/www.caririemacao.com\/1\/2020\/04\/17\/cientistas-testam-remedio-que-reduz-94-da-carga-viral-da-covid-19\/","title":{"rendered":"Cientistas testam rem\u00e9dio que reduz 94% da carga viral da covid-19"},"content":{"rendered":"\n<p>Nos pr\u00f3ximos dias, cientistas brasileiros v\u00e3o iniciar os testes cl\u00ednicos com um medicamento que apresentou 94% de efic\u00e1cia em ensaios&nbsp;<em>in vitro<\/em>&nbsp;na redu\u00e7\u00e3o da carga viral em c\u00e9lulas infectadas pelo novo coronav\u00edrus. De acordo com o ministro da Ci\u00eancia, Tecnologia, Inova\u00e7\u00f5es e Comunica\u00e7\u00f5es (MCTIC), Marcos Pontes, os testes ser\u00e3o feitos em 500 pacientes internados com covid-19, em sete hospitais do pa\u00eds: cinco no Rio de Janeiro, um em S\u00e3o Paulo e um em Bras\u00edlia.<\/p>\n\n\n\n<p>O nome do medicamento s\u00f3 ser\u00e1 divulgado ap\u00f3s o fim do protocolo de pesquisa cl\u00ednica, at\u00e9 que seja demonstrada a sua efic\u00e1cia e seguran\u00e7a em pacientes, \u201cpara evitar uma correria em torno do medicamento\u201d. Mas, de acordo com Pontes, \u00e9 um rem\u00e9dio de baixo custo, bem tolerado e dispon\u00edvel inclusive em formula\u00e7\u00f5es pedi\u00e1tricas. \u201cPor que isso \u00e9 importante? Ele tem uma vantagem muito grande, tem pouco efeito colateral e pode ser empregado numa grande faixa da popula\u00e7\u00e3o\u201d, explicou.<\/p>\n\n\n\n<p>O ministro destacou a import\u00e2ncia e o trabalho da ci\u00eancia brasileira na busca por solu\u00e7\u00f5es contra a pandemia de covid-19. \u201cN\u00f3s estamos falando de ci\u00eancia feita no Brasil, uma ci\u00eancia respeitada em todo o mundo. Os nossos cientistas s\u00e3o muito respons\u00e1veis, n\u00e3o s\u00f3 pelo conhecimento, mas pela atitude, esse pessoal tem trabalhado dia e noite. Muitos s\u00e3o bolsistas e estamos conseguindo resultados por meio do trabalho desses pesquisadores\u201d, disse o ministro. \u201cEspero que voc\u00eas como brasileiros tamb\u00e9m tenham orgulho desses cientistas\u201d, ressaltou.<\/p>\n\n\n\n<h2 class=\"wp-block-heading\">Replica\u00e7\u00e3o viral<\/h2>\n\n\n\n<p>Foram realizados testes com 2&nbsp;mil medicamentos que j\u00e1 s\u00e3o comercializados em farm\u00e1cias para verificar se existe algum capaz de se ligar ao v\u00edrus e de bloquear a replica\u00e7\u00e3o viral. A estrat\u00e9gia, chamada de reposicionamento de f\u00e1rmacos, foi adotada por cientistas do Laborat\u00f3rio Nacional de Bioci\u00eancias (LNBio), em Campinas, que integra o Centro Nacional de Pesquisa em Energia e Materiais (CNPEM), organiza\u00e7\u00e3o social supervisionada pelo Minist\u00e9rio da Ci\u00eancia, Tecnologia, Inova\u00e7\u00f5es e Comunica\u00e7\u00f5es (MCTIC).<\/p>\n\n\n\n<p>Ao final, os pesquisadores identificaram seis mol\u00e9culas promissoras que seguiram para teste<em>&nbsp;in vitro&nbsp;<\/em>com c\u00e9lulas infectadas com o novo coronav\u00edrus. Desses seis rem\u00e9dios pesquisados, os cientistas do CNPEM descobriram que dois reduziram significativamente a replica\u00e7\u00e3o do v\u00edrus. O rem\u00e9dio mais promissor apresentou 94% de efic\u00e1cia em ensaios com as c\u00e9lulas infectadas.<\/p>\n\n\n\n<p>O protocolo de ensaios cl\u00ednicos foi aprovado nesta ter\u00e7a-feira (14) pela Comiss\u00e3o Nacional de \u00c9tica em Pesquisa. O medicamento ser\u00e1 ministrado por cinco dias nos pacientes e mais nove ser\u00e3o necess\u00e1rios para observa\u00e7\u00e3o. Ser\u00e3o inclu\u00eddos no estudo pessoas que chegarem aos hospitais com pneumonia e sintomas de covid-19: febre, tosse seca e as caracter\u00edsticas da tomografia com vidro fosco.<\/p>\n\n\n\n<p>O grupo de testagem ser\u00e1 amplo, com qualquer pessoa maior de 18 anos, mas n\u00e3o para os casos muito graves. O paciente dever\u00e1 assinar um termo de consentimento para participar do protocolo, que consiste na administra\u00e7\u00e3o aleat\u00f3ria do medicamento ou de placebo. A expectativa \u00e9 que o estudo seja conclu\u00eddo em quatro semanas. \u201cIsso \u00e9 feito de forma extremamente cient\u00edfica, usando todo o formalismo cient\u00edfico, para que a gente n\u00e3o tenha d\u00favidas\u201d, destacou o ministro.<\/p>\n\n\n\n<p>O desenvolvimento do estudo no LNBio ocorre no \u00e2mbito da Rede V\u00edrus do MCTIC, respons\u00e1vel pela articula\u00e7\u00e3o dos laborat\u00f3rios de pesquisa e especialistas na continuidade dos estudos com pessoas infectadas pelo novo coronav\u00edrus.<\/p>\n\n\n\n<h2 class=\"wp-block-heading\">Testes e vacinas<\/h2>\n\n\n\n<p>O ministro tamb\u00e9m apresentou hoje o resultado do trabalho do CTVacinas, da Universidade Federal de Minas Gerais, que tamb\u00e9m por meio da Rede V\u00edrus, desenvolveu&nbsp;um reagente nacional que tem a mesma performance de reagentes importados para testes diagn\u00f3sticos de covid-19. \u201cIsso d\u00e1 autonomia para o pa\u00eds e a possibilidade de aumentar a produ\u00e7\u00e3o para os tipos de teste que est\u00e3o sendo feitos no Brasil\u201d, explicou Pontes.<\/p>\n\n\n\n<p>Outra pesquisa apresentada pelo ministro \u00e9 o desenvolvimento de um teste para detec\u00e7\u00e3o do novo coronav\u00edrus que n\u00e3o precisa de reagente qu\u00edmico. \u201c\u00c9 um equipamento que faz rea\u00e7\u00e3o com laser a partir da saliva da pessoa que est\u00e1 sendo testado\u201d, explicou. O processamento do diagn\u00f3stico \u00e9 feito por meio de intelig\u00eancia artificial e o resultado fica pronto em menos de 1 minuto.<\/p>\n\n\n\n<p>O sensor est\u00e1 sendo desenvolvido pelo Instituto Nacional de Ci\u00eancia e Tecnologia em Teran\u00f3stica e Nanobiotecnologia (INCT TeraNano), da Universidade Federal de Uberl\u00e2ndia, em Minas Gerais. De acordo com Pontes, com a&nbsp;<a href=\"https:\/\/agenciabrasil.ebc.com.br\/saude\/noticia\/2020-04\/unidades-de-saude-estarao-conectadas-pela-internet\" target=\"_blank\" rel=\"noreferrer noopener\">informatiza\u00e7\u00e3o das unidades de sa\u00fade<\/a>, em 20 dias, ser\u00e1 poss\u00edvel colocar um n\u00famero consider\u00e1vel dessas m\u00e1quinas no pa\u00eds, cerca de mil m\u00e1quinas capazes de fazer at\u00e9 500 testes por dia.<\/p>\n\n\n\n<p>\u201cImaginando que tudo isso funcione [o rem\u00e9dio e os testes], em meados de maio teremos ferramentas muito efetivas para combater essa pandemia no Brasil e resolver todos esses problemas\u201d, disse o ministro.<\/p>\n","protected":false},"excerpt":{"rendered":"<p>Nos pr\u00f3ximos dias, cientistas brasileiros v\u00e3o iniciar os testes cl\u00ednicos com um medicamento que apresentou 94% de efic\u00e1cia em ensaios&nbsp;in vitro&nbsp;na redu\u00e7\u00e3o da carga viral&hellip; <\/p>\n","protected":false},"author":2,"featured_media":164564,"comment_status":"closed","ping_status":"closed","sticky":false,"template":"","format":"standard","meta":{"sfsi_plus_gutenberg_text_before_share":"","sfsi_plus_gutenberg_show_text_before_share":"","sfsi_plus_gutenberg_icon_type":"","sfsi_plus_gutenberg_icon_alignemt":"","sfsi_plus_gutenburg_max_per_row":"","footnotes":""},"categories":[2],"tags":[],"class_list":["post-164563","post","type-post","status-publish","format-standard","has-post-thumbnail","hentry","category-geral"],"_links":{"self":[{"href":"https:\/\/www.caririemacao.com\/1\/wp-json\/wp\/v2\/posts\/164563","targetHints":{"allow":["GET"]}}],"collection":[{"href":"https:\/\/www.caririemacao.com\/1\/wp-json\/wp\/v2\/posts"}],"about":[{"href":"https:\/\/www.caririemacao.com\/1\/wp-json\/wp\/v2\/types\/post"}],"author":[{"embeddable":true,"href":"https:\/\/www.caririemacao.com\/1\/wp-json\/wp\/v2\/users\/2"}],"replies":[{"embeddable":true,"href":"https:\/\/www.caririemacao.com\/1\/wp-json\/wp\/v2\/comments?post=164563"}],"version-history":[{"count":1,"href":"https:\/\/www.caririemacao.com\/1\/wp-json\/wp\/v2\/posts\/164563\/revisions"}],"predecessor-version":[{"id":164565,"href":"https:\/\/www.caririemacao.com\/1\/wp-json\/wp\/v2\/posts\/164563\/revisions\/164565"}],"wp:featuredmedia":[{"embeddable":true,"href":"https:\/\/www.caririemacao.com\/1\/wp-json\/wp\/v2\/media\/164564"}],"wp:attachment":[{"href":"https:\/\/www.caririemacao.com\/1\/wp-json\/wp\/v2\/media?parent=164563"}],"wp:term":[{"taxonomy":"category","embeddable":true,"href":"https:\/\/www.caririemacao.com\/1\/wp-json\/wp\/v2\/categories?post=164563"},{"taxonomy":"post_tag","embeddable":true,"href":"https:\/\/www.caririemacao.com\/1\/wp-json\/wp\/v2\/tags?post=164563"}],"curies":[{"name":"wp","href":"https:\/\/api.w.org\/{rel}","templated":true}]}}