{"id":164566,"date":"2020-04-17T14:25:38","date_gmt":"2020-04-17T17:25:38","guid":{"rendered":"http:\/\/www.caririemacao.com\/1\/?p=164566"},"modified":"2020-04-17T14:26:27","modified_gmt":"2020-04-17T17:26:27","slug":"trio-armado-invade-casa-de-empresario-e-rouba-carro-e-objetos-no-cariri","status":"publish","type":"post","link":"https:\/\/www.caririemacao.com\/1\/2020\/04\/17\/trio-armado-invade-casa-de-empresario-e-rouba-carro-e-objetos-no-cariri\/","title":{"rendered":"Trio armado invade casa de empres\u00e1rio e rouba carro e objetos no Cariri"},"content":{"rendered":"\n<p>Tr\u00eas homens armados invadiram a resid\u00eancia do propriet\u00e1rio de um supermercado no munic\u00edpio de Serra Branca, no Cariri Paraibano. O caso aconteceu na noite desta quinta-feira (16).<\/p>\n\n\n\n<p>De acordo com informa\u00e7\u00f5es da Pol\u00edcia Militar, o trio roubou o carro pertencente ao empres\u00e1rio, um ve\u00edculo do tipo Strada, e ainda subtra\u00edram da v\u00edtima&nbsp;&nbsp;uma quantia em dinheiro, aproximado em R$ 5 mil, al\u00e9m de joias.<\/p>\n\n\n\n<p>Os bandidos fugiram e a Pol\u00edcia foi acionada rapidamente. Policiais realizaram dilig\u00eancias e j\u00e1 localizaram o carro roubado pr\u00f3ximo ao s\u00edtio Feij\u00e3o, sa\u00edda para S\u00e3o Jos\u00e9 dos Cordeiros.<\/p>\n\n\n\n<p>Os bandidos n\u00e3o foram localizados at\u00e9 o momento.<\/p>\n","protected":false},"excerpt":{"rendered":"<p>Tr\u00eas homens armados invadiram a resid\u00eancia do propriet\u00e1rio de um supermercado no munic\u00edpio de Serra Branca, no Cariri Paraibano. O caso aconteceu na noite desta&hellip; <\/p>\n","protected":false},"author":2,"featured_media":164567,"comment_status":"closed","ping_status":"closed","sticky":false,"template":"","format":"standard","meta":{"sfsi_plus_gutenberg_text_before_share":"","sfsi_plus_gutenberg_show_text_before_share":"","sfsi_plus_gutenberg_icon_type":"","sfsi_plus_gutenberg_icon_alignemt":"","sfsi_plus_gutenburg_max_per_row":"","footnotes":""},"categories":[12],"tags":[],"class_list":["post-164566","post","type-post","status-publish","format-standard","has-post-thumbnail","hentry","category-policia"],"_links":{"self":[{"href":"https:\/\/www.caririemacao.com\/1\/wp-json\/wp\/v2\/posts\/164566","targetHints":{"allow":["GET"]}}],"collection":[{"href":"https:\/\/www.caririemacao.com\/1\/wp-json\/wp\/v2\/posts"}],"about":[{"href":"https:\/\/www.caririemacao.com\/1\/wp-json\/wp\/v2\/types\/post"}],"author":[{"embeddable":true,"href":"https:\/\/www.caririemacao.com\/1\/wp-json\/wp\/v2\/users\/2"}],"replies":[{"embeddable":true,"href":"https:\/\/www.caririemacao.com\/1\/wp-json\/wp\/v2\/comments?post=164566"}],"version-history":[{"count":1,"href":"https:\/\/www.caririemacao.com\/1\/wp-json\/wp\/v2\/posts\/164566\/revisions"}],"predecessor-version":[{"id":164568,"href":"https:\/\/www.caririemacao.com\/1\/wp-json\/wp\/v2\/posts\/164566\/revisions\/164568"}],"wp:featuredmedia":[{"embeddable":true,"href":"https:\/\/www.caririemacao.com\/1\/wp-json\/wp\/v2\/media\/164567"}],"wp:attachment":[{"href":"https:\/\/www.caririemacao.com\/1\/wp-json\/wp\/v2\/media?parent=164566"}],"wp:term":[{"taxonomy":"category","embeddable":true,"href":"https:\/\/www.caririemacao.com\/1\/wp-json\/wp\/v2\/categories?post=164566"},{"taxonomy":"post_tag","embeddable":true,"href":"https:\/\/www.caririemacao.com\/1\/wp-json\/wp\/v2\/tags?post=164566"}],"curies":[{"name":"wp","href":"https:\/\/api.w.org\/{rel}","templated":true}]}}