{"id":164573,"date":"2020-04-17T16:17:50","date_gmt":"2020-04-17T19:17:50","guid":{"rendered":"http:\/\/www.caririemacao.com\/1\/?p=164573"},"modified":"2020-04-17T16:24:21","modified_gmt":"2020-04-17T19:24:21","slug":"brasil-tem-2-141-mortes-e-33-682-casos-confirmados-de-covid-19","status":"publish","type":"post","link":"https:\/\/www.caririemacao.com\/1\/2020\/04\/17\/brasil-tem-2-141-mortes-e-33-682-casos-confirmados-de-covid-19\/","title":{"rendered":"Brasil tem 2.141 mortes e 33.682 casos confirmados de covid-19"},"content":{"rendered":"\n<p>O Brasil acumula 2.141 mortes e 33.682 casos confirmados de covid-19. A informa\u00e7\u00e3o foi divulgada pelo Minist\u00e9rio da Sa\u00fade nesta sexta-feira (17).<\/p>\n\n\n\n<p>Em 24h, o Pa\u00eds registrou 217 novos \u00f3bitos pela infec\u00e7\u00e3o provocada pelo&nbsp;<a href=\"https:\/\/noticias.r7.com\/saude\/coronavirus\"><strong>novo coronav\u00edrus<\/strong><\/a>, enquanto o n\u00famero de contaminados cresceu 3.257.<\/p>\n\n\n\n<p>A taxa de letalidade&nbsp;(percentual de mortes entre os infectados) da doen\u00e7a passou de 6,3% para 6,4%.<\/p>\n\n\n\n<p>S\u00e3o Paulo,&nbsp;<a href=\"https:\/\/noticias.r7.com\/sao-paulo\/governo-de-sao-paulo-prorroga-quarentena-ate-10-de-maio-17042020\"><strong>que prorrogou as medidas de isolamento social at\u00e9 10 de maio<\/strong><\/a>, \u00e9 o estado mais atingido pela pandemia, com&nbsp;12.841 casos confirmados e 928 mortes. Na sequ\u00eancia, o Rio de Janeiro soma 4.349 ocorr\u00eancias e 341 \u00f3bitos.&nbsp;<\/p>\n\n\n\n<p><strong>Veja o n\u00famero de casos e \u00f3bitos por unidade da federa\u00e7\u00e3o:<\/strong><\/p>\n\n\n\n<p><strong>Acre:<\/strong>&nbsp;135 casos (5 mortes)<br><strong>Alagoas:<\/strong>&nbsp;110 casos&nbsp;(7 mortes)<br><strong>Amap\u00e1:&nbsp;<\/strong>370 casos&nbsp;(10 mortes)<br><strong>Amazonas:<\/strong>&nbsp;1.809 casos&nbsp;(145 mortes)<br><strong>Bahia:&nbsp;<\/strong>1.059 casos&nbsp;(36 mortes)<br><strong>Cear\u00e1:&nbsp;<\/strong>2.684 casos (149 mortes)<br><strong>Distrito Federal:&nbsp;<\/strong>746 casos&nbsp;(20 mortes)<br><strong>Esp\u00edrito Santo:<\/strong>&nbsp;856 casos&nbsp;(25 mortes)<br><strong>Goi\u00e1s:&nbsp;<\/strong>335 casos (16 mortes)<br><strong>Maranh\u00e3o:<\/strong>&nbsp;797 casos&nbsp;(40 mortes)<br><strong>Mato Grosso:<\/strong>&nbsp;162 casos&nbsp;(5 mortes)<br><strong>Mato Grosso do Sul:<\/strong>&nbsp;143 casos&nbsp;(5 mortes)<br><strong>Minas Gerais:&nbsp;<\/strong>1.021 casos&nbsp;(35 mortes)<br><strong>Paran\u00e1:&nbsp;<\/strong>874 casos&nbsp;(42 mortes)<br><strong>Para\u00edba:<\/strong>&nbsp;195 casos&nbsp;(26 mortes)<br><strong>Par\u00e1:<\/strong>&nbsp;557 casos&nbsp;(26 mortes)<br><strong>Pernambuco:&nbsp;<\/strong>2.006 casos&nbsp;(186 mortes)<br><strong>Piau\u00ed:&nbsp;<\/strong>102 casos&nbsp;(8 mortes)<br><strong>Rio Grande do Norte:<\/strong>&nbsp;463 casos&nbsp;(23 mortes)<br><strong>Rio Grande do Sul:&nbsp;<\/strong>802 casos&nbsp;(22 mortes)<br><strong>Rio de Janeiro:&nbsp;<\/strong>4.349 casos&nbsp;(341 mortes)<br><strong>Rond\u00f4nia:&nbsp;<\/strong>92 casos&nbsp;(3 mortes)<br><strong>Roraima:&nbsp;<\/strong>164 casos&nbsp;(3 mortes)<br><strong>Santa Catarina:&nbsp;<\/strong>926 casos&nbsp;(30 mortes)<br><strong>Sergipe:<\/strong>&nbsp;53 casos(4 mortes)<br><strong>S\u00e3o Paulo:<\/strong>&nbsp;12.841 casos&nbsp;(928 mortes)<br><strong>Tocantins:&nbsp;<\/strong>31 casos&nbsp;(1 mortes)<br><\/p>\n","protected":false},"excerpt":{"rendered":"<p>O Brasil acumula 2.141 mortes e 33.682 casos confirmados de covid-19. A informa\u00e7\u00e3o foi divulgada pelo Minist\u00e9rio da Sa\u00fade nesta sexta-feira (17). Em 24h, o&hellip; <\/p>\n","protected":false},"author":1,"featured_media":164574,"comment_status":"closed","ping_status":"closed","sticky":false,"template":"","format":"standard","meta":{"sfsi_plus_gutenberg_text_before_share":"","sfsi_plus_gutenberg_show_text_before_share":"","sfsi_plus_gutenberg_icon_type":"","sfsi_plus_gutenberg_icon_alignemt":"","sfsi_plus_gutenburg_max_per_row":"","footnotes":""},"categories":[50,16],"tags":[],"class_list":["post-164573","post","type-post","status-publish","format-standard","has-post-thumbnail","hentry","category-destaque","category-saude"],"_links":{"self":[{"href":"https:\/\/www.caririemacao.com\/1\/wp-json\/wp\/v2\/posts\/164573","targetHints":{"allow":["GET"]}}],"collection":[{"href":"https:\/\/www.caririemacao.com\/1\/wp-json\/wp\/v2\/posts"}],"about":[{"href":"https:\/\/www.caririemacao.com\/1\/wp-json\/wp\/v2\/types\/post"}],"author":[{"embeddable":true,"href":"https:\/\/www.caririemacao.com\/1\/wp-json\/wp\/v2\/users\/1"}],"replies":[{"embeddable":true,"href":"https:\/\/www.caririemacao.com\/1\/wp-json\/wp\/v2\/comments?post=164573"}],"version-history":[{"count":1,"href":"https:\/\/www.caririemacao.com\/1\/wp-json\/wp\/v2\/posts\/164573\/revisions"}],"predecessor-version":[{"id":164575,"href":"https:\/\/www.caririemacao.com\/1\/wp-json\/wp\/v2\/posts\/164573\/revisions\/164575"}],"wp:featuredmedia":[{"embeddable":true,"href":"https:\/\/www.caririemacao.com\/1\/wp-json\/wp\/v2\/media\/164574"}],"wp:attachment":[{"href":"https:\/\/www.caririemacao.com\/1\/wp-json\/wp\/v2\/media?parent=164573"}],"wp:term":[{"taxonomy":"category","embeddable":true,"href":"https:\/\/www.caririemacao.com\/1\/wp-json\/wp\/v2\/categories?post=164573"},{"taxonomy":"post_tag","embeddable":true,"href":"https:\/\/www.caririemacao.com\/1\/wp-json\/wp\/v2\/tags?post=164573"}],"curies":[{"name":"wp","href":"https:\/\/api.w.org\/{rel}","templated":true}]}}