{"id":164577,"date":"2020-04-17T18:19:42","date_gmt":"2020-04-17T21:19:42","guid":{"rendered":"http:\/\/www.caririemacao.com\/1\/?p=164577"},"modified":"2020-04-17T18:19:43","modified_gmt":"2020-04-17T21:19:43","slug":"paciente-do-congo-e-mais-um-caririzeiro-com-teste-positivo-para-o-covid-19","status":"publish","type":"post","link":"https:\/\/www.caririemacao.com\/1\/2020\/04\/17\/paciente-do-congo-e-mais-um-caririzeiro-com-teste-positivo-para-o-covid-19\/","title":{"rendered":"Paciente do Congo \u00e9 mais um caririzeiro com teste positivo para o Covid-19"},"content":{"rendered":"\n<p>A prefeitura do Congo atrav\u00e9s da Secretaria Municipal de Sa\u00fade do munic\u00edpio, confirmou na tarde desta sexta-feira(17) o resultado oficial do teste de um paciente que apresentou recentemente os sintomas do Covid-19.<\/p>\n\n\n\n<p>O resultado colhido pela 5\u00aa Ger\u00eancia Regional de Sa\u00fade da Para\u00edba, sediada em Monteiro, acabou testando positivo para o Covid-19.<\/p>\n\n\n\n<div class=\"wp-block-image\"><figure class=\"aligncenter\"><img decoding=\"async\" data-src=\"http:\/\/deolhonocariri.com.br\/wp-content\/uploads\/2020\/04\/93839080_551151682447792_413759574290464768_n.jpg\" alt=\"\" class=\"wp-image-80915 lazyload\" src=\"data:image\/svg+xml;base64,PHN2ZyB3aWR0aD0iMSIgaGVpZ2h0PSIxIiB4bWxucz0iaHR0cDovL3d3dy53My5vcmcvMjAwMC9zdmciPjwvc3ZnPg==\" \/><\/figure><\/div>\n\n\n\n<p>O paciente tem 47 anos e n\u00e3o \u00e9 do grupo de risco. Ele est\u00e1 em isolamento domiciliar e est\u00e1 se recuperando da doen\u00e7a.<\/p>\n\n\n\n<p>A Prefeitura do Congo pede para que a popula\u00e7\u00e3o mantenha os cuidados e medidas de prote\u00e7\u00e3o e ao perceber sintomas procure o servi\u00e7o municipal de sa\u00fade.<\/p>\n\n\n\n<p><strong>De Olho no Cariri<\/strong><\/p>\n","protected":false},"excerpt":{"rendered":"<p>A prefeitura do Congo atrav\u00e9s da Secretaria Municipal de Sa\u00fade do munic\u00edpio, confirmou na tarde desta sexta-feira(17) o resultado oficial do teste de um paciente&hellip; <\/p>\n","protected":false},"author":2,"featured_media":93629,"comment_status":"closed","ping_status":"closed","sticky":false,"template":"","format":"standard","meta":{"sfsi_plus_gutenberg_text_before_share":"","sfsi_plus_gutenberg_show_text_before_share":"","sfsi_plus_gutenberg_icon_type":"","sfsi_plus_gutenberg_icon_alignemt":"","sfsi_plus_gutenburg_max_per_row":"","footnotes":""},"categories":[6,50],"tags":[],"class_list":["post-164577","post","type-post","status-publish","format-standard","has-post-thumbnail","hentry","category-cidades","category-destaque"],"_links":{"self":[{"href":"https:\/\/www.caririemacao.com\/1\/wp-json\/wp\/v2\/posts\/164577","targetHints":{"allow":["GET"]}}],"collection":[{"href":"https:\/\/www.caririemacao.com\/1\/wp-json\/wp\/v2\/posts"}],"about":[{"href":"https:\/\/www.caririemacao.com\/1\/wp-json\/wp\/v2\/types\/post"}],"author":[{"embeddable":true,"href":"https:\/\/www.caririemacao.com\/1\/wp-json\/wp\/v2\/users\/2"}],"replies":[{"embeddable":true,"href":"https:\/\/www.caririemacao.com\/1\/wp-json\/wp\/v2\/comments?post=164577"}],"version-history":[{"count":1,"href":"https:\/\/www.caririemacao.com\/1\/wp-json\/wp\/v2\/posts\/164577\/revisions"}],"predecessor-version":[{"id":164578,"href":"https:\/\/www.caririemacao.com\/1\/wp-json\/wp\/v2\/posts\/164577\/revisions\/164578"}],"wp:featuredmedia":[{"embeddable":true,"href":"https:\/\/www.caririemacao.com\/1\/wp-json\/wp\/v2\/media\/93629"}],"wp:attachment":[{"href":"https:\/\/www.caririemacao.com\/1\/wp-json\/wp\/v2\/media?parent=164577"}],"wp:term":[{"taxonomy":"category","embeddable":true,"href":"https:\/\/www.caririemacao.com\/1\/wp-json\/wp\/v2\/categories?post=164577"},{"taxonomy":"post_tag","embeddable":true,"href":"https:\/\/www.caririemacao.com\/1\/wp-json\/wp\/v2\/tags?post=164577"}],"curies":[{"name":"wp","href":"https:\/\/api.w.org\/{rel}","templated":true}]}}