{"id":164582,"date":"2020-04-18T06:46:56","date_gmt":"2020-04-18T09:46:56","guid":{"rendered":"http:\/\/www.caririemacao.com\/1\/?p=164582"},"modified":"2020-04-18T06:47:38","modified_gmt":"2020-04-18T09:47:38","slug":"policia-militar-reforca-seguranca-no-cariri-paraibano","status":"publish","type":"post","link":"https:\/\/www.caririemacao.com\/1\/2020\/04\/18\/policia-militar-reforca-seguranca-no-cariri-paraibano\/","title":{"rendered":"Pol\u00edcia Militar refor\u00e7a seguran\u00e7a no Cariri Paraibano"},"content":{"rendered":"\n<p>Policiais Militares do 11\u00ba BPM, refor\u00e7am a seguran\u00e7a p\u00fablica no cariri paraibano com atividades ostensivas durante a \u201cOpera\u00e7\u00e3o Tiradentes\u201d iniciada nesta sexta-feira (17) de abril. <\/p>\n\n\n\n<figure class=\"wp-block-image size-large\"><img fetchpriority=\"high\" decoding=\"async\" width=\"576\" height=\"1024\" src=\"http:\/\/www.caririemacao.com\/1\/wp-content\/uploads\/2020\/04\/IMG-20200417-WA0259-1-576x1024.jpg\" alt=\"\" class=\"wp-image-164596\" srcset=\"https:\/\/www.caririemacao.com\/1\/wp-content\/uploads\/2020\/04\/IMG-20200417-WA0259-1-576x1024.jpg 576w, https:\/\/www.caririemacao.com\/1\/wp-content\/uploads\/2020\/04\/IMG-20200417-WA0259-1-169x300.jpg 169w, https:\/\/www.caririemacao.com\/1\/wp-content\/uploads\/2020\/04\/IMG-20200417-WA0259-1.jpg 720w\" sizes=\"(max-width: 576px) 100vw, 576px\" \/><\/figure>\n\n\n\n<p>A 14\u00ba \u00c1rea Integrada de Seguran\u00e7a P\u00fablica, atualmente tem a maior \u00e1rea territorial da para\u00edba, abrangindo 17 munic\u00edpios. O objetivo da opera\u00e7\u00e3o \u00e9 a realiza\u00e7\u00e3o de v\u00e1rias atividades de preven\u00e7\u00e3o e combate a crimes contra a vida e contra o patrim\u00f4nio, a partir do aumento do n\u00famero abordagens, incurs\u00f5es, blitzen e checkpoints.<\/p>\n\n\n\n<p>A Opera\u00e7\u00e3o Tiradentes est\u00e1 refor\u00e7ando as a\u00e7\u00f5es de policiamento em todo o Estado e \u00e9 realizada em alus\u00e3o a Joaquim Jos\u00e9 da Silva Xavier, o Tiradentes, patronos das pol\u00edcias militares do pa\u00eds.<\/p>\n","protected":false},"excerpt":{"rendered":"<p>Policiais Militares do 11\u00ba BPM, refor\u00e7am a seguran\u00e7a p\u00fablica no cariri paraibano com atividades ostensivas durante a \u201cOpera\u00e7\u00e3o Tiradentes\u201d iniciada nesta sexta-feira (17) de abril.&hellip; <\/p>\n","protected":false},"author":1,"featured_media":164594,"comment_status":"closed","ping_status":"closed","sticky":false,"template":"","format":"standard","meta":{"sfsi_plus_gutenberg_text_before_share":"","sfsi_plus_gutenberg_show_text_before_share":"","sfsi_plus_gutenberg_icon_type":"","sfsi_plus_gutenberg_icon_alignemt":"","sfsi_plus_gutenburg_max_per_row":"","footnotes":""},"categories":[6,50],"tags":[],"class_list":["post-164582","post","type-post","status-publish","format-standard","has-post-thumbnail","hentry","category-cidades","category-destaque"],"_links":{"self":[{"href":"https:\/\/www.caririemacao.com\/1\/wp-json\/wp\/v2\/posts\/164582","targetHints":{"allow":["GET"]}}],"collection":[{"href":"https:\/\/www.caririemacao.com\/1\/wp-json\/wp\/v2\/posts"}],"about":[{"href":"https:\/\/www.caririemacao.com\/1\/wp-json\/wp\/v2\/types\/post"}],"author":[{"embeddable":true,"href":"https:\/\/www.caririemacao.com\/1\/wp-json\/wp\/v2\/users\/1"}],"replies":[{"embeddable":true,"href":"https:\/\/www.caririemacao.com\/1\/wp-json\/wp\/v2\/comments?post=164582"}],"version-history":[{"count":2,"href":"https:\/\/www.caririemacao.com\/1\/wp-json\/wp\/v2\/posts\/164582\/revisions"}],"predecessor-version":[{"id":164597,"href":"https:\/\/www.caririemacao.com\/1\/wp-json\/wp\/v2\/posts\/164582\/revisions\/164597"}],"wp:featuredmedia":[{"embeddable":true,"href":"https:\/\/www.caririemacao.com\/1\/wp-json\/wp\/v2\/media\/164594"}],"wp:attachment":[{"href":"https:\/\/www.caririemacao.com\/1\/wp-json\/wp\/v2\/media?parent=164582"}],"wp:term":[{"taxonomy":"category","embeddable":true,"href":"https:\/\/www.caririemacao.com\/1\/wp-json\/wp\/v2\/categories?post=164582"},{"taxonomy":"post_tag","embeddable":true,"href":"https:\/\/www.caririemacao.com\/1\/wp-json\/wp\/v2\/tags?post=164582"}],"curies":[{"name":"wp","href":"https:\/\/api.w.org\/{rel}","templated":true}]}}