{"id":164584,"date":"2020-04-18T06:44:06","date_gmt":"2020-04-18T09:44:06","guid":{"rendered":"http:\/\/www.caririemacao.com\/1\/?p=164584"},"modified":"2020-04-18T06:44:08","modified_gmt":"2020-04-18T09:44:08","slug":"brasil-registra-mais-de-2-mil-mortes-devido-ao-coronavirus","status":"publish","type":"post","link":"https:\/\/www.caririemacao.com\/1\/2020\/04\/18\/brasil-registra-mais-de-2-mil-mortes-devido-ao-coronavirus\/","title":{"rendered":"Brasil registra mais de 2 mil mortes devido ao coronav\u00edrus"},"content":{"rendered":"\n<p>&nbsp;O Brasil registrou 217 novas mortes pelo novo coronav\u00edrus nas \u00faltimas 24 horas e agora tem mais de 2.000 \u00f3bitos, segundo dados do Minist\u00e9rio da Sa\u00fade divulgados nesta sexta (17). S\u00e3o ao todo 2.141 mortes causadas por Covid-19.<\/p>\n\n\n\n<p>Balan\u00e7o da pasta tamb\u00e9m aponta 33.682 casos confirmados da doen\u00e7a. O \u00edndice de letalidade do novo v\u00edrus, em rela\u00e7\u00e3o ao total de casos, est\u00e1 em 6,4%. No dia anterior eram 30.425 casos e 1.924 mortes.<\/p>\n\n\n\n<p>O minist\u00e9rio, por\u00e9m, afirma que o n\u00famero real de casos tende a ser maior, j\u00e1 que s\u00f3 pacientes internados em hospitais fazem testes e h\u00e1 casos represados \u00e0 espera de confirma\u00e7\u00e3o.<\/p>\n\n\n\n<p>De acordo com o balan\u00e7o do minist\u00e9rio, S\u00e3o Paulo est\u00e1 perto de registrar 1.000 mortes desde o in\u00edcio da pandemia. O estado mais populoso do pa\u00eds tem agora 928 \u00f3bitos e 12.841 casos.<\/p>\n\n\n\n<p>O segundo caso com mais letalidades em decorr\u00eancia da Covid-19 \u00e9 o Rio de Janeiro, com 341 mortes.<\/p>\n\n\n\n<p>Aparecem na sequ\u00eancia Pernambuco, com 186 mortes registradas; Cear\u00e1, com 149; e Amazonas, com 145.<\/p>\n\n\n\n<p>Em rela\u00e7\u00e3o ao total de casos confirmados, depois de S\u00e3o Paulo, os estados com mais registros s\u00e3o Rio de Janeiro, com 4.349; Cear\u00e1, com 2.684; Pernambuco, com 2.006; e Amazonas 1.809.<\/p>\n\n\n\n<p>Pelo segundo dia seguido, o Minist\u00e9rio da Sa\u00fade informa apenas os n\u00fameros absolutos de mortes e casos confirmados do novo coronav\u00edrus.<\/p>\n\n\n\n<p>N\u00e3o foram divulgados, portanto, os \u00edndices de incid\u00eancia por 100 mil habitantes, a divis\u00e3o por faixa et\u00e1ria dos mortos e o sexo, entre outras informa\u00e7\u00f5es.<\/p>\n","protected":false},"excerpt":{"rendered":"<p>&nbsp;O Brasil registrou 217 novas mortes pelo novo coronav\u00edrus nas \u00faltimas 24 horas e agora tem mais de 2.000 \u00f3bitos, segundo dados do Minist\u00e9rio da&hellip; <\/p>\n","protected":false},"author":2,"featured_media":164586,"comment_status":"closed","ping_status":"closed","sticky":false,"template":"","format":"standard","meta":{"sfsi_plus_gutenberg_text_before_share":"","sfsi_plus_gutenberg_show_text_before_share":"","sfsi_plus_gutenberg_icon_type":"","sfsi_plus_gutenberg_icon_alignemt":"","sfsi_plus_gutenburg_max_per_row":"","footnotes":""},"categories":[2],"tags":[],"class_list":["post-164584","post","type-post","status-publish","format-standard","has-post-thumbnail","hentry","category-geral"],"_links":{"self":[{"href":"https:\/\/www.caririemacao.com\/1\/wp-json\/wp\/v2\/posts\/164584","targetHints":{"allow":["GET"]}}],"collection":[{"href":"https:\/\/www.caririemacao.com\/1\/wp-json\/wp\/v2\/posts"}],"about":[{"href":"https:\/\/www.caririemacao.com\/1\/wp-json\/wp\/v2\/types\/post"}],"author":[{"embeddable":true,"href":"https:\/\/www.caririemacao.com\/1\/wp-json\/wp\/v2\/users\/2"}],"replies":[{"embeddable":true,"href":"https:\/\/www.caririemacao.com\/1\/wp-json\/wp\/v2\/comments?post=164584"}],"version-history":[{"count":1,"href":"https:\/\/www.caririemacao.com\/1\/wp-json\/wp\/v2\/posts\/164584\/revisions"}],"predecessor-version":[{"id":164588,"href":"https:\/\/www.caririemacao.com\/1\/wp-json\/wp\/v2\/posts\/164584\/revisions\/164588"}],"wp:featuredmedia":[{"embeddable":true,"href":"https:\/\/www.caririemacao.com\/1\/wp-json\/wp\/v2\/media\/164586"}],"wp:attachment":[{"href":"https:\/\/www.caririemacao.com\/1\/wp-json\/wp\/v2\/media?parent=164584"}],"wp:term":[{"taxonomy":"category","embeddable":true,"href":"https:\/\/www.caririemacao.com\/1\/wp-json\/wp\/v2\/categories?post=164584"},{"taxonomy":"post_tag","embeddable":true,"href":"https:\/\/www.caririemacao.com\/1\/wp-json\/wp\/v2\/tags?post=164584"}],"curies":[{"name":"wp","href":"https:\/\/api.w.org\/{rel}","templated":true}]}}