{"id":164593,"date":"2020-04-18T06:47:57","date_gmt":"2020-04-18T09:47:57","guid":{"rendered":"http:\/\/www.caririemacao.com\/1\/?p=164593"},"modified":"2020-04-18T06:47:59","modified_gmt":"2020-04-18T09:47:59","slug":"governadores-do-nordeste-pedem-reforco-de-medicos-formados-no-exterior","status":"publish","type":"post","link":"https:\/\/www.caririemacao.com\/1\/2020\/04\/18\/governadores-do-nordeste-pedem-reforco-de-medicos-formados-no-exterior\/","title":{"rendered":"Governadores do Nordeste pedem refor\u00e7o de m\u00e9dicos formados no exterior"},"content":{"rendered":"\n<p>Os nove governadores nordestinos solicitaram ao Governo Federal a autoriza\u00e7\u00e3o para que os brasileiros formados em Medicina no exterior atuem no pa\u00eds. O pedido foi enviado nesta sexta-feira (17) em carta assinada pelos representantes dos estados de Alagoas, Bahia, Cear\u00e1, Maranh\u00e3o, Para\u00edba, Pernambuco, Piau\u00ed, Rio Grande do Norte e Sergipe ao Minist\u00e9rio da Sa\u00fade.<\/p>\n\n\n\n<p>A medida resulta de uma recomenda\u00e7\u00e3o do Comit\u00ea Cient\u00edfico do Cons\u00f3rcio do Nordeste para que seja criada uma Brigada Emergencial de Sa\u00fade, com a amplia\u00e7\u00e3o do quadro dos profissionais de \u00e1rea, para combate e preven\u00e7\u00e3o ao Coronav\u00edrus (Covid-19).<\/p>\n\n\n\n<p>O governador Jo\u00e3o Azev\u00eado pontuou que o Governo do Estado tem aberto novos leitos de enfermaria e de Unidades de Terapia Intensiva (UTIs) que precisam de um bom quantitativo de profissionais que atuam na linha de frente no combate ao novo coronav\u00edrus.<\/p>\n\n\n\n<p>\u201cN\u00f3s estamos abrindo novos leitos em Jo\u00e3o Pessoa, Campina Grande e no Sert\u00e3o do Estado e precisamos refor\u00e7ar ainda mais nossas equipes e disponibilizar um tratamento adequado para quem precisar. Estamos fazendo processos seletivos, mas precisamos nos preparar para um prov\u00e1vel aumento da demanda por atendimento m\u00e9dico na nossa rede hospitalar\u201d, disse.<\/p>\n\n\n\n<p>De acordo com o governador da Bahia e presidente do Cons\u00f3rcio do Nordeste, Rui Costa, a estimativa \u00e9 que haja, pelos menos 15 mil profissionais nessa situa\u00e7\u00e3o, aptos a se somar aos m\u00e9dicos j\u00e1 inseridos no atendimento aos pacientes hospitalizados. A proposta \u00e9 que os m\u00e9dicos formados no exterior atuem sob supervis\u00e3o e com registro de trabalho provis\u00f3rio.<\/p>\n\n\n\n<p>\u201cTivemos mais uma reuni\u00e3o dos governadores do Nordeste e desta vez com a participa\u00e7\u00e3o do Comit\u00ea Cient\u00edfico. Foi sugerida uma medida important\u00edssima que \u00e9 a autoriza\u00e7\u00e3o provis\u00f3ria para que os brasileiros que fizeram curso de Medicina em v\u00e1rios pa\u00edses do mundo possam atuar aqui no Brasil. S\u00e3o 15 mil m\u00e9dicos e m\u00e9dicas que podem ajudar o pa\u00eds, de imediato, nessa pandemia\u201d, disse o governador baiano.<\/p>\n","protected":false},"excerpt":{"rendered":"<p>Os nove governadores nordestinos solicitaram ao Governo Federal a autoriza\u00e7\u00e3o para que os brasileiros formados em Medicina no exterior atuem no pa\u00eds. O pedido foi&hellip; <\/p>\n","protected":false},"author":2,"featured_media":164598,"comment_status":"closed","ping_status":"closed","sticky":false,"template":"","format":"standard","meta":{"sfsi_plus_gutenberg_text_before_share":"","sfsi_plus_gutenberg_show_text_before_share":"","sfsi_plus_gutenberg_icon_type":"","sfsi_plus_gutenberg_icon_alignemt":"","sfsi_plus_gutenburg_max_per_row":"","footnotes":""},"categories":[2],"tags":[],"class_list":["post-164593","post","type-post","status-publish","format-standard","has-post-thumbnail","hentry","category-geral"],"_links":{"self":[{"href":"https:\/\/www.caririemacao.com\/1\/wp-json\/wp\/v2\/posts\/164593","targetHints":{"allow":["GET"]}}],"collection":[{"href":"https:\/\/www.caririemacao.com\/1\/wp-json\/wp\/v2\/posts"}],"about":[{"href":"https:\/\/www.caririemacao.com\/1\/wp-json\/wp\/v2\/types\/post"}],"author":[{"embeddable":true,"href":"https:\/\/www.caririemacao.com\/1\/wp-json\/wp\/v2\/users\/2"}],"replies":[{"embeddable":true,"href":"https:\/\/www.caririemacao.com\/1\/wp-json\/wp\/v2\/comments?post=164593"}],"version-history":[{"count":1,"href":"https:\/\/www.caririemacao.com\/1\/wp-json\/wp\/v2\/posts\/164593\/revisions"}],"predecessor-version":[{"id":164599,"href":"https:\/\/www.caririemacao.com\/1\/wp-json\/wp\/v2\/posts\/164593\/revisions\/164599"}],"wp:featuredmedia":[{"embeddable":true,"href":"https:\/\/www.caririemacao.com\/1\/wp-json\/wp\/v2\/media\/164598"}],"wp:attachment":[{"href":"https:\/\/www.caririemacao.com\/1\/wp-json\/wp\/v2\/media?parent=164593"}],"wp:term":[{"taxonomy":"category","embeddable":true,"href":"https:\/\/www.caririemacao.com\/1\/wp-json\/wp\/v2\/categories?post=164593"},{"taxonomy":"post_tag","embeddable":true,"href":"https:\/\/www.caririemacao.com\/1\/wp-json\/wp\/v2\/tags?post=164593"}],"curies":[{"name":"wp","href":"https:\/\/api.w.org\/{rel}","templated":true}]}}