{"id":164600,"date":"2020-04-18T06:50:02","date_gmt":"2020-04-18T09:50:02","guid":{"rendered":"http:\/\/www.caririemacao.com\/1\/?p=164600"},"modified":"2020-04-18T06:50:03","modified_gmt":"2020-04-18T09:50:03","slug":"governo-prorroga-medidas-de-isolamento-social-e-suspende-aulas-presenciais","status":"publish","type":"post","link":"https:\/\/www.caririemacao.com\/1\/2020\/04\/18\/governo-prorroga-medidas-de-isolamento-social-e-suspende-aulas-presenciais\/","title":{"rendered":"Governo prorroga medidas de isolamento social e suspende aulas presenciais"},"content":{"rendered":"\n<p>O governador Jo\u00e3o Azev\u00eado prorrogou as medidas restritivas que visam conter a dissemina\u00e7\u00e3o do novo coronav\u00edrus na Para\u00edba. Al\u00e9m de manter a proibi\u00e7\u00e3o do funcionamento de servi\u00e7os n\u00e3o essenciais, o decreto 40.188, j\u00e1 publicado no Di\u00e1rio Oficial do Estado (DOE), tamb\u00e9m suspende as aulas presenciais nas escolas, universidades e faculdades da rede p\u00fablica e privada da Para\u00edba at\u00e9 o pr\u00f3ximo dia 3 de maio.<\/p>\n\n\n\n<p>Com a manuten\u00e7\u00e3o das medidas necess\u00e1rias para o cumprimento do isolamento social, permanecem fechados academias, gin\u00e1sios, centros esportivos p\u00fabicos e privados, shoppings, igrejas, centros e galerias comerciais, bares, restaurantes, casas de festas, casas noturnas e boates. A regra tamb\u00e9m se estende aos cinemas, teatros, circos e parques de divers\u00e3o nas cidades e suas respectivas Regi\u00f5es Metropolitanas que tenham casos confirmados da Covid-19.<\/p>\n\n\n\n<p>O novo decreto permite, com restri\u00e7\u00f5es, o funcionamento de \u00f3ticas e estabelecimentos que comercializem produtos m\u00e9dicos\/hospitalares. Eles dever\u00e3o funcionar, exclusivamente, por meio de entrega em domic\u00edlio ou como ponto de retirada de mercadorias, desde que seja realizado o agendamento de atendimento, vedando a aglomera\u00e7\u00e3o de pessoas.<\/p>\n\n\n\n<p>Os estabelecimentos com permiss\u00e3o para funcionar ficam obrigados a fornecer m\u00e1scaras para todos os seus empregados, prestadores de servi\u00e7o, colaboradores e clientes, sendo vedada a perman\u00eancia de qualquer pessoa no interior do pr\u00e9dio ou em filas para atendimento formadas do lado de fora, sem a utiliza\u00e7\u00e3o de m\u00e1scaras. O Procon, \u00f3rg\u00e3os de vigil\u00e2ncia sanit\u00e1ria estadual e municipais e a Pol\u00edcia Militar da Para\u00edba ficar\u00e3o respons\u00e1veis pela fiscaliza\u00e7\u00e3o e o descumprimento poder\u00e1 acarretar na aplica\u00e7\u00e3o de multa, que ser\u00e1 revertida para o combate ao coronav\u00edrus, e implicar no fechamento do estabelecimento, em caso de reincid\u00eancia.<\/p>\n\n\n\n<p><strong>Reparti\u00e7\u00f5es p\u00fablicas estaduais \u2013<\/strong>&nbsp;O decreto tamb\u00e9m disciplina o trabalho presencial nas reparti\u00e7\u00f5es p\u00fablicas estaduais, ficando impedida a presen\u00e7a de servidores que tenham hist\u00f3rico de doen\u00e7as respirat\u00f3rias ou doen\u00e7as cr\u00f4nicas ou cujos familiares, que habitam na mesma resid\u00eancia, tenham doen\u00e7as cr\u00f4nicas; que utilizam medicamentos imunossupressores; que manifestarem sintomas respirat\u00f3rios, como febre, tosse, coriza ou dificuldade de respirar; gr\u00e1vidas ou lactantes. Todas as quest\u00f5es relativas ao enquadramento ou n\u00e3o dos servidores estaduais nas condi\u00e7\u00f5es acima ser\u00e3o decididas pelos secret\u00e1rios e gestores dos respectivos \u00f3rg\u00e3os estaduais.<\/p>\n\n\n\n<p><strong>Exames \u2013<\/strong>&nbsp;Os laborat\u00f3rios privados que realizam exames para a detec\u00e7\u00e3o do novo coronav\u00edrus dever\u00e3o realizar um cadastramento no Laborat\u00f3rio Central de Sa\u00fade P\u00fablica do Estado da Para\u00edba (Lacen\/PB), atrav\u00e9s do e-mail&nbsp;<a href=\"https:\/\/paraibaonline.com.br\/2020\/04\/governo-prorroga-medidas-de-isolamento-social-e-suspende-aulas-presenciais\/lacenpb@ses.pb.gov.br\">lacenpb@ses.pb.gov.br<\/a>, informando a metodologia aplicada, os respons\u00e1veis pela execu\u00e7\u00e3o do exame, a unidade de execu\u00e7\u00e3o, os insumos utilizados e outras informa\u00e7\u00f5es que sejam de interesse epidemiol\u00f3gico nacional e local. Eles tamb\u00e9m devem informar o resultado de todas as amostras testadas (detect\u00e1vel ou n\u00e3o-detect\u00e1vel) ao Lacen, por meio de planilha que conste os seguintes dados: nome completo, idade, data do in\u00edcio dos sintomas, data da coleta e munic\u00edpio de resid\u00eancia.<\/p>\n","protected":false},"excerpt":{"rendered":"<p>O governador Jo\u00e3o Azev\u00eado prorrogou as medidas restritivas que visam conter a dissemina\u00e7\u00e3o do novo coronav\u00edrus na Para\u00edba. Al\u00e9m de manter a proibi\u00e7\u00e3o do funcionamento&hellip; <\/p>\n","protected":false},"author":2,"featured_media":164602,"comment_status":"closed","ping_status":"closed","sticky":false,"template":"","format":"standard","meta":{"sfsi_plus_gutenberg_text_before_share":"","sfsi_plus_gutenberg_show_text_before_share":"","sfsi_plus_gutenberg_icon_type":"","sfsi_plus_gutenberg_icon_alignemt":"","sfsi_plus_gutenburg_max_per_row":"","footnotes":""},"categories":[11],"tags":[],"class_list":["post-164600","post","type-post","status-publish","format-standard","has-post-thumbnail","hentry","category-politica"],"_links":{"self":[{"href":"https:\/\/www.caririemacao.com\/1\/wp-json\/wp\/v2\/posts\/164600","targetHints":{"allow":["GET"]}}],"collection":[{"href":"https:\/\/www.caririemacao.com\/1\/wp-json\/wp\/v2\/posts"}],"about":[{"href":"https:\/\/www.caririemacao.com\/1\/wp-json\/wp\/v2\/types\/post"}],"author":[{"embeddable":true,"href":"https:\/\/www.caririemacao.com\/1\/wp-json\/wp\/v2\/users\/2"}],"replies":[{"embeddable":true,"href":"https:\/\/www.caririemacao.com\/1\/wp-json\/wp\/v2\/comments?post=164600"}],"version-history":[{"count":1,"href":"https:\/\/www.caririemacao.com\/1\/wp-json\/wp\/v2\/posts\/164600\/revisions"}],"predecessor-version":[{"id":164603,"href":"https:\/\/www.caririemacao.com\/1\/wp-json\/wp\/v2\/posts\/164600\/revisions\/164603"}],"wp:featuredmedia":[{"embeddable":true,"href":"https:\/\/www.caririemacao.com\/1\/wp-json\/wp\/v2\/media\/164602"}],"wp:attachment":[{"href":"https:\/\/www.caririemacao.com\/1\/wp-json\/wp\/v2\/media?parent=164600"}],"wp:term":[{"taxonomy":"category","embeddable":true,"href":"https:\/\/www.caririemacao.com\/1\/wp-json\/wp\/v2\/categories?post=164600"},{"taxonomy":"post_tag","embeddable":true,"href":"https:\/\/www.caririemacao.com\/1\/wp-json\/wp\/v2\/tags?post=164600"}],"curies":[{"name":"wp","href":"https:\/\/api.w.org\/{rel}","templated":true}]}}