{"id":164601,"date":"2020-04-18T06:51:01","date_gmt":"2020-04-18T09:51:01","guid":{"rendered":"http:\/\/www.caririemacao.com\/1\/?p=164601"},"modified":"2020-04-18T07:27:19","modified_gmt":"2020-04-18T10:27:19","slug":"rotas-com-novos-horarios-joao-pessoa-campina-grande-e-monteiro-da-empresa-real-bus","status":"publish","type":"post","link":"https:\/\/www.caririemacao.com\/1\/2020\/04\/18\/rotas-com-novos-horarios-joao-pessoa-campina-grande-e-monteiro-da-empresa-real-bus\/","title":{"rendered":"Real Bus: Jo\u00e3o Pessoa, Campina Grande e Monteiro tem rotas com novos hor\u00e1rios"},"content":{"rendered":"\n<p>O Departamento de Estradas de Rodagem autorizou que \u00f4nibus que fazem o transporte intermunicipal de passageiros voltem a funcionar a partir da pr\u00f3xima segunda-feira (20). A medida foi publicada no Di\u00e1rio Oficial desta sexta-feira e contempla apenas as linhas que fazem parte do Sindicato que congrega as Empresas Permission\u00e1rias do Transporte Intermunicipal de Passageiros (Setrans\/PB).<\/p>\n\n\n\n<p>A empresa Real Bus, retornar\u00e1 as rotas,&nbsp;<strong>Jo\u00e3o Pessoa,Campina Grande e Monteiro&nbsp;<\/strong>na pr\u00f3xima segunda-feira (20), a empresa informou em nota que alguns hor\u00e1rios e n\u00fameros de viagens foram alteradas, e que est\u00e1 tomando todas as provid\u00eancias para o retorno&nbsp; das viagens, seguindo as orienta\u00e7\u00f5es da&nbsp;<a href=\"https:\/\/www.who.int\/eportuguese\/countries\/bra\/pt\/\" target=\"_blank\" rel=\"noreferrer noopener\">OMS<\/a>&nbsp;(Organiza\u00e7\u00e3o Mundial da ou de Sa\u00fade).&nbsp; Confira abaixo:<\/p>\n\n\n\n<p>Com O Pipoco<\/p>\n\n\n\n<div class=\"wp-block-image\"><figure class=\"aligncenter\"><img decoding=\"async\" data-src=\"https:\/\/opipoco.com.br\/wp-content\/uploads\/2020\/04\/real-1.jpg\" alt=\"real-1 Confira novos hor\u00e1rios das rotas Jo\u00e3o Pessoa, Campina Grande e Monteiro da Empresa Real Bus.\" class=\"wp-image-87951 lazyload\" src=\"data:image\/svg+xml;base64,PHN2ZyB3aWR0aD0iMSIgaGVpZ2h0PSIxIiB4bWxucz0iaHR0cDovL3d3dy53My5vcmcvMjAwMC9zdmciPjwvc3ZnPg==\" \/><\/figure><\/div>\n","protected":false},"excerpt":{"rendered":"<p>O Departamento de Estradas de Rodagem autorizou que \u00f4nibus que fazem o transporte intermunicipal de passageiros voltem a funcionar a partir da pr\u00f3xima segunda-feira (20).&hellip; <\/p>\n","protected":false},"author":1,"featured_media":164606,"comment_status":"closed","ping_status":"closed","sticky":false,"template":"","format":"standard","meta":{"sfsi_plus_gutenberg_text_before_share":"","sfsi_plus_gutenberg_show_text_before_share":"","sfsi_plus_gutenberg_icon_type":"","sfsi_plus_gutenberg_icon_alignemt":"","sfsi_plus_gutenburg_max_per_row":"","footnotes":""},"categories":[6,50],"tags":[],"class_list":["post-164601","post","type-post","status-publish","format-standard","has-post-thumbnail","hentry","category-cidades","category-destaque"],"_links":{"self":[{"href":"https:\/\/www.caririemacao.com\/1\/wp-json\/wp\/v2\/posts\/164601","targetHints":{"allow":["GET"]}}],"collection":[{"href":"https:\/\/www.caririemacao.com\/1\/wp-json\/wp\/v2\/posts"}],"about":[{"href":"https:\/\/www.caririemacao.com\/1\/wp-json\/wp\/v2\/types\/post"}],"author":[{"embeddable":true,"href":"https:\/\/www.caririemacao.com\/1\/wp-json\/wp\/v2\/users\/1"}],"replies":[{"embeddable":true,"href":"https:\/\/www.caririemacao.com\/1\/wp-json\/wp\/v2\/comments?post=164601"}],"version-history":[{"count":3,"href":"https:\/\/www.caririemacao.com\/1\/wp-json\/wp\/v2\/posts\/164601\/revisions"}],"predecessor-version":[{"id":164662,"href":"https:\/\/www.caririemacao.com\/1\/wp-json\/wp\/v2\/posts\/164601\/revisions\/164662"}],"wp:featuredmedia":[{"embeddable":true,"href":"https:\/\/www.caririemacao.com\/1\/wp-json\/wp\/v2\/media\/164606"}],"wp:attachment":[{"href":"https:\/\/www.caririemacao.com\/1\/wp-json\/wp\/v2\/media?parent=164601"}],"wp:term":[{"taxonomy":"category","embeddable":true,"href":"https:\/\/www.caririemacao.com\/1\/wp-json\/wp\/v2\/categories?post=164601"},{"taxonomy":"post_tag","embeddable":true,"href":"https:\/\/www.caririemacao.com\/1\/wp-json\/wp\/v2\/tags?post=164601"}],"curies":[{"name":"wp","href":"https:\/\/api.w.org\/{rel}","templated":true}]}}