{"id":164605,"date":"2020-04-18T06:53:04","date_gmt":"2020-04-18T09:53:04","guid":{"rendered":"http:\/\/www.caririemacao.com\/1\/?p=164605"},"modified":"2020-04-18T06:53:06","modified_gmt":"2020-04-18T09:53:06","slug":"sebrae-pb-oferece-capacitacao-online-para-participantes-do-empreender-pb","status":"publish","type":"post","link":"https:\/\/www.caririemacao.com\/1\/2020\/04\/18\/sebrae-pb-oferece-capacitacao-online-para-participantes-do-empreender-pb\/","title":{"rendered":"Sebrae-PB oferece capacita\u00e7\u00e3o online para participantes do Empreender-PB"},"content":{"rendered":"\n<p>O Sebrae Para\u00edba, em parceria com o Empreender PB, deu in\u00edcio nesta semana ao curso de capacita\u00e7\u00e3o online por meio de v\u00eddeo-aulas para os participantes do programa. A parceria permite ao participante do programa o cumprimento, mesmo em tempos de isolamento social, de uma das etapas obrigat\u00f3rias para a concess\u00e3o de cr\u00e9dito ao empreendedor.<\/p>\n\n\n\n<p>As pessoas inscritas no programa e que se encontram na fase de capacita\u00e7\u00e3o, podem acessar o link&nbsp;<a href=\"http:\/\/www.sebrae.com.br\/sites\/portalsebrae\/cursosonline\" target=\"_blank\" rel=\"noreferrer noopener\">www.sebrae.com.br\/sites\/portalsebrae\/cursosonline<\/a>&nbsp;e assistir \u00e0s aulas dos cursos obrigat\u00f3rios: Identidade Empreendedora, Aprender a Empreender e Gest\u00e3o Financeira.<\/p>\n\n\n\n<p>Para o gerente da unidade de inova\u00e7\u00e3o e competitividade empresarial do Sebrae Para\u00edba, Elinaldo Mac\u00eado, a parceria \u00e9 importante, pois consegue suprir a lacuna da capacita\u00e7\u00e3o presencial com um conte\u00fado \u00e0 dist\u00e2ncia, transferindo conhecimento e agregando valor na gest\u00e3o dos pequenos neg\u00f3cios, possibilitando a continuidade do atendimento do Empreender.<\/p>\n\n\n\n<p>O portal do Sebrae tamb\u00e9m disponibiliza outros cursos complementares, como por exemplo Marketing e Captar Recursos. Ao finalizar os cursos obrigat\u00f3rios, o participante dever\u00e1 emitir o certificado digital e enviar para o WhatsApp 98600-7888 ou para os e-mails&nbsp;patriciafaria@empreender.pb.gov.br&nbsp;e&nbsp;sergiofeitosa@empreender.pb.gov.br&nbsp;.<\/p>\n\n\n\n<p>O passo a passo para realiza\u00e7\u00e3o dos cursos est\u00e1 dispon\u00edvel no site do Empreender no endere\u00e7o&nbsp;<a href=\"http:\/\/www.empreender.pb.gov.br\/\" target=\"_blank\" rel=\"noreferrer noopener\">www.empreender.pb.gov.br<\/a>&nbsp;. Caso o empreendedor n\u00e3o tenha conhecimento se est\u00e1 apto para a capacita\u00e7\u00e3o, a informa\u00e7\u00e3o tamb\u00e9m pode ser adquirida no site do Programa na consulta de processo.<\/p>\n\n\n\n<p>De acordo com a gerente de capacita\u00e7\u00e3o do Programa Empreender PB, Patricia Farias, os cursos online oferecem uma s\u00e9rie de vantagens para o empreendedor.<\/p>\n\n\n\n<p>\u201cAo realizar a capacita\u00e7\u00e3o \u00e0 dist\u00e2ncia, o participante n\u00e3o precisa sair do conforto da sua casa, se mant\u00e9m seguro para participar do treinamento e possui uma flexibilidade de hor\u00e1rio. Assim, evita-se o contato direto com outras pessoas e aglomera\u00e7\u00f5es, al\u00e9m de conseguirmos promover uma maior agilidade \u00e0s etapas dos processos. Os cursos s\u00e3o de f\u00e1cil acesso e para quem n\u00e3o tem habilidade com a internet, temos um passo a passo que se encontra no site do Empreender PB\u201d, comentou.<\/p>\n","protected":false},"excerpt":{"rendered":"<p>O Sebrae Para\u00edba, em parceria com o Empreender PB, deu in\u00edcio nesta semana ao curso de capacita\u00e7\u00e3o online por meio de v\u00eddeo-aulas para os participantes&hellip; <\/p>\n","protected":false},"author":2,"featured_media":164609,"comment_status":"closed","ping_status":"closed","sticky":false,"template":"","format":"standard","meta":{"sfsi_plus_gutenberg_text_before_share":"","sfsi_plus_gutenberg_show_text_before_share":"","sfsi_plus_gutenberg_icon_type":"","sfsi_plus_gutenberg_icon_alignemt":"","sfsi_plus_gutenburg_max_per_row":"","footnotes":""},"categories":[50,2],"tags":[],"class_list":["post-164605","post","type-post","status-publish","format-standard","has-post-thumbnail","hentry","category-destaque","category-geral"],"_links":{"self":[{"href":"https:\/\/www.caririemacao.com\/1\/wp-json\/wp\/v2\/posts\/164605","targetHints":{"allow":["GET"]}}],"collection":[{"href":"https:\/\/www.caririemacao.com\/1\/wp-json\/wp\/v2\/posts"}],"about":[{"href":"https:\/\/www.caririemacao.com\/1\/wp-json\/wp\/v2\/types\/post"}],"author":[{"embeddable":true,"href":"https:\/\/www.caririemacao.com\/1\/wp-json\/wp\/v2\/users\/2"}],"replies":[{"embeddable":true,"href":"https:\/\/www.caririemacao.com\/1\/wp-json\/wp\/v2\/comments?post=164605"}],"version-history":[{"count":1,"href":"https:\/\/www.caririemacao.com\/1\/wp-json\/wp\/v2\/posts\/164605\/revisions"}],"predecessor-version":[{"id":164610,"href":"https:\/\/www.caririemacao.com\/1\/wp-json\/wp\/v2\/posts\/164605\/revisions\/164610"}],"wp:featuredmedia":[{"embeddable":true,"href":"https:\/\/www.caririemacao.com\/1\/wp-json\/wp\/v2\/media\/164609"}],"wp:attachment":[{"href":"https:\/\/www.caririemacao.com\/1\/wp-json\/wp\/v2\/media?parent=164605"}],"wp:term":[{"taxonomy":"category","embeddable":true,"href":"https:\/\/www.caririemacao.com\/1\/wp-json\/wp\/v2\/categories?post=164605"},{"taxonomy":"post_tag","embeddable":true,"href":"https:\/\/www.caririemacao.com\/1\/wp-json\/wp\/v2\/tags?post=164605"}],"curies":[{"name":"wp","href":"https:\/\/api.w.org\/{rel}","templated":true}]}}