{"id":164613,"date":"2020-04-18T06:55:40","date_gmt":"2020-04-18T09:55:40","guid":{"rendered":"http:\/\/www.caririemacao.com\/1\/?p=164613"},"modified":"2020-04-18T06:55:43","modified_gmt":"2020-04-18T09:55:43","slug":"ricardo-coutinho-tem-pedido-indeferido-para-se-ausentar-da-comarca-domiciliar","status":"publish","type":"post","link":"https:\/\/www.caririemacao.com\/1\/2020\/04\/18\/ricardo-coutinho-tem-pedido-indeferido-para-se-ausentar-da-comarca-domiciliar\/","title":{"rendered":"Ricardo Coutinho tem pedido indeferido para se ausentar da comarca domiciliar"},"content":{"rendered":"\n<p>O desembargador Ricardo Vital de Almeida, relator da Opera\u00e7\u00e3o Calv\u00e1rio no Tribunal de Justi\u00e7a da Para\u00edba, indeferiu, nos autos da Cautelar Inominada, o pedido de autoriza\u00e7\u00e3o judicial formulado pelo ex-governador Ricardo Coutinho (PSB) para se ausentar semanalmente da comarca domiciliar nos dias \u00fateis compreendidos entre segunda e sexta-feira.<\/p>\n\n\n\n<p>A decis\u00e3o foi publicada nesta sexta-feira (17), no Di\u00e1rio da Justi\u00e7a eletr\u00f4nico.<\/p>\n\n\n\n<p>A defesa do ex-governador apresentou agravo interno, postulando a revoga\u00e7\u00e3o das medidas coercitivas previstas no C\u00f3digo Penal (recolhimento domiciliar noturno e monitoramento pelo&nbsp;<a href=\"https:\/\/paraibaonline.com.br\/2020\/04\/ministra-mantem-o-uso-da-tornozeleira-em-prefeita-investigada-pela-calvario\/\">uso de tornozeleira eletr\u00f4nica<\/a>) impostas pelo desembargador Ricardo Vital e a flexibiliza\u00e7\u00e3o da cautelar fixada pelo Superior Tribunal de Justi\u00e7a (STJ), consistente na proibi\u00e7\u00e3o de se ausentar da comarca domiciliar, a fim de que lhe seja autorizado o deslocamento ao seu domic\u00edlio profissional, localizado em Bras\u00edlia, durante os dias \u00fateis.<\/p>\n\n\n\n<p>O desembargador tamb\u00e9m deferiu o pedido do Minist\u00e9rio P\u00fablico para determinar a expedi\u00e7\u00e3o de of\u00edcio \u00e0 Central de Monitora\u00e7\u00e3o de Tornozeleira da Secretaria de Administra\u00e7\u00e3o Penitenci\u00e1ria para prestar esclarecimentos acerca dos supostos problemas nos equipamentos eletr\u00f4nicos (tornozeleiras) apontados pelos investigados\/denunciados, e informar, na oportunidade, quais monitorados descumpriram, de fato, as determina\u00e7\u00f5es impostas pelas cautelares de proibi\u00e7\u00e3o de ausentar-se da comarca domiciliar e de recolhimento domiciliar noturno.<\/p>\n","protected":false},"excerpt":{"rendered":"<p>O desembargador Ricardo Vital de Almeida, relator da Opera\u00e7\u00e3o Calv\u00e1rio no Tribunal de Justi\u00e7a da Para\u00edba, indeferiu, nos autos da Cautelar Inominada, o pedido de&hellip; <\/p>\n","protected":false},"author":2,"featured_media":164614,"comment_status":"closed","ping_status":"closed","sticky":false,"template":"","format":"standard","meta":{"sfsi_plus_gutenberg_text_before_share":"","sfsi_plus_gutenberg_show_text_before_share":"","sfsi_plus_gutenberg_icon_type":"","sfsi_plus_gutenberg_icon_alignemt":"","sfsi_plus_gutenburg_max_per_row":"","footnotes":""},"categories":[2],"tags":[],"class_list":["post-164613","post","type-post","status-publish","format-standard","has-post-thumbnail","hentry","category-geral"],"_links":{"self":[{"href":"https:\/\/www.caririemacao.com\/1\/wp-json\/wp\/v2\/posts\/164613","targetHints":{"allow":["GET"]}}],"collection":[{"href":"https:\/\/www.caririemacao.com\/1\/wp-json\/wp\/v2\/posts"}],"about":[{"href":"https:\/\/www.caririemacao.com\/1\/wp-json\/wp\/v2\/types\/post"}],"author":[{"embeddable":true,"href":"https:\/\/www.caririemacao.com\/1\/wp-json\/wp\/v2\/users\/2"}],"replies":[{"embeddable":true,"href":"https:\/\/www.caririemacao.com\/1\/wp-json\/wp\/v2\/comments?post=164613"}],"version-history":[{"count":1,"href":"https:\/\/www.caririemacao.com\/1\/wp-json\/wp\/v2\/posts\/164613\/revisions"}],"predecessor-version":[{"id":164615,"href":"https:\/\/www.caririemacao.com\/1\/wp-json\/wp\/v2\/posts\/164613\/revisions\/164615"}],"wp:featuredmedia":[{"embeddable":true,"href":"https:\/\/www.caririemacao.com\/1\/wp-json\/wp\/v2\/media\/164614"}],"wp:attachment":[{"href":"https:\/\/www.caririemacao.com\/1\/wp-json\/wp\/v2\/media?parent=164613"}],"wp:term":[{"taxonomy":"category","embeddable":true,"href":"https:\/\/www.caririemacao.com\/1\/wp-json\/wp\/v2\/categories?post=164613"},{"taxonomy":"post_tag","embeddable":true,"href":"https:\/\/www.caririemacao.com\/1\/wp-json\/wp\/v2\/tags?post=164613"}],"curies":[{"name":"wp","href":"https:\/\/api.w.org\/{rel}","templated":true}]}}