{"id":164617,"date":"2020-04-18T06:57:54","date_gmt":"2020-04-18T09:57:54","guid":{"rendered":"http:\/\/www.caririemacao.com\/1\/?p=164617"},"modified":"2020-04-18T06:57:57","modified_gmt":"2020-04-18T09:57:57","slug":"governador-autoriza-compra-de-um-milhao-de-mascaras-para-distribuir-a-populacao","status":"publish","type":"post","link":"https:\/\/www.caririemacao.com\/1\/2020\/04\/18\/governador-autoriza-compra-de-um-milhao-de-mascaras-para-distribuir-a-populacao\/","title":{"rendered":"Governador autoriza compra de um milh\u00e3o de m\u00e1scaras para distribuir \u00e0 popula\u00e7\u00e3o"},"content":{"rendered":"\n<p>O governador Jo\u00e3o Azev\u00eado anunciou, nesta sexta-feira (17), que autorizou a compra de um milh\u00e3o de m\u00e1scaras que ser\u00e3o distribu\u00eddas com a popula\u00e7\u00e3o paraibana.<\/p>\n\n\n\n<p>O material ser\u00e1 confeccionado dentro do pr\u00f3prio estado e representa mais uma medida do Governo para proteger as pessoas durante a pandemia do coronav\u00edrus.<\/p>\n\n\n\n<p>\u201cO uso de m\u00e1scara vai ser exigido em um determinado per\u00edodo e o Estado est\u00e1 fazendo sua parte. N\u00f3s estamos gerando emprego na Para\u00edba e sabemos que v\u00e1rios lugares do Estado t\u00eam uma estrutura de produ\u00e7\u00e3o que tamb\u00e9m v\u00e3o nos ajudar, pois n\u00e3o conseguimos comprar o material no mercado nacional\u201d, pontuou.<\/p>\n\n\n\n<p>Ele refor\u00e7ou a necessidade da utiliza\u00e7\u00e3o das m\u00e1scaras em momentos que as pessoas precisar\u00e3o se deslocar, em caso de extrema necessidade.<\/p>\n\n\n\n<p>\u201cA m\u00e1scara \u00e9 fundamental para ser usada no ambiente p\u00fablico, pois muitas pessoas est\u00e3o com o v\u00edrus e n\u00e3o sabem. O uso da m\u00e1scara vai diminuir o risco de contamina\u00e7\u00e3o porque quando se entra no ambiente, voc\u00ea n\u00e3o sabe se algu\u00e9m espirrou ou tossiu e acaba entrando na nuvem de got\u00edculas e \u00e9 por esse meio que h\u00e1 uma contamina\u00e7\u00e3o cada vez maior\u201d, ponderou.<\/p>\n\n\n\n<p>Leitos \u2013 Nesta sexta-feira, o governador Jo\u00e3o Azev\u00eado anunciou tamb\u00e9m que o Hospital Solid\u00e1rio, montado no estacionamento do Hospital Metropolitano Dom Jos\u00e9 Maria Pires, em Santa Rita, ser\u00e1 entregue na pr\u00f3xima semana.<\/p>\n\n\n\n<p>\u201cO Hospital Solid\u00e1rio ser\u00e1 aberto na pr\u00f3xima segunda-feira e estar\u00e1 \u00e0 disposi\u00e7\u00e3o para o atendimento. Estamos preparando inicialmente 130 leitos nesta unidade, al\u00e9m de 150 leitos no antigo Hospital Santa Paula, em Jo\u00e3o Pessoa; 130 leitos na antiga Casa de Sa\u00fade Francisco Brasileiro, em Campina Grande, e 40 leitos no Complexo Hospitalar Regional Deputado Janduhy Carneiro, em Patos, para atender as pessoas que precisarem\u201d, explicou.<\/p>\n\n\n\n<p>Barreiras sanit\u00e1rias \u2013 Jo\u00e3o Azev\u00eado ainda afirmou que as barreiras sanit\u00e1rias montadas nas rodovias federais que cortam a Para\u00edba ir\u00e3o realizar trabalhos de desinfec\u00e7\u00e3o em ve\u00edculos vindos de outros Estados.<\/p>\n\n\n\n<p>\u201cN\u00f3s vamos fazer a desinfec\u00e7\u00e3o em cada carro que entrar na Para\u00edba porque esse \u00e9 um dos maiores vetores de contamina\u00e7\u00e3o. As a\u00e7\u00f5es que estamos fazendo \u00e9 para que o n\u00famero de pessoas infectadas n\u00e3o seja alto e o servi\u00e7o de sa\u00fade d\u00ea as respostas necess\u00e1rias\u201d, finalizou.<\/p>\n","protected":false},"excerpt":{"rendered":"<p>O governador Jo\u00e3o Azev\u00eado anunciou, nesta sexta-feira (17), que autorizou a compra de um milh\u00e3o de m\u00e1scaras que ser\u00e3o distribu\u00eddas com a popula\u00e7\u00e3o paraibana. O&hellip; <\/p>\n","protected":false},"author":2,"featured_media":164371,"comment_status":"closed","ping_status":"closed","sticky":false,"template":"","format":"standard","meta":{"sfsi_plus_gutenberg_text_before_share":"","sfsi_plus_gutenberg_show_text_before_share":"","sfsi_plus_gutenberg_icon_type":"","sfsi_plus_gutenberg_icon_alignemt":"","sfsi_plus_gutenburg_max_per_row":"","footnotes":""},"categories":[2],"tags":[],"class_list":["post-164617","post","type-post","status-publish","format-standard","has-post-thumbnail","hentry","category-geral"],"_links":{"self":[{"href":"https:\/\/www.caririemacao.com\/1\/wp-json\/wp\/v2\/posts\/164617","targetHints":{"allow":["GET"]}}],"collection":[{"href":"https:\/\/www.caririemacao.com\/1\/wp-json\/wp\/v2\/posts"}],"about":[{"href":"https:\/\/www.caririemacao.com\/1\/wp-json\/wp\/v2\/types\/post"}],"author":[{"embeddable":true,"href":"https:\/\/www.caririemacao.com\/1\/wp-json\/wp\/v2\/users\/2"}],"replies":[{"embeddable":true,"href":"https:\/\/www.caririemacao.com\/1\/wp-json\/wp\/v2\/comments?post=164617"}],"version-history":[{"count":1,"href":"https:\/\/www.caririemacao.com\/1\/wp-json\/wp\/v2\/posts\/164617\/revisions"}],"predecessor-version":[{"id":164618,"href":"https:\/\/www.caririemacao.com\/1\/wp-json\/wp\/v2\/posts\/164617\/revisions\/164618"}],"wp:featuredmedia":[{"embeddable":true,"href":"https:\/\/www.caririemacao.com\/1\/wp-json\/wp\/v2\/media\/164371"}],"wp:attachment":[{"href":"https:\/\/www.caririemacao.com\/1\/wp-json\/wp\/v2\/media?parent=164617"}],"wp:term":[{"taxonomy":"category","embeddable":true,"href":"https:\/\/www.caririemacao.com\/1\/wp-json\/wp\/v2\/categories?post=164617"},{"taxonomy":"post_tag","embeddable":true,"href":"https:\/\/www.caririemacao.com\/1\/wp-json\/wp\/v2\/tags?post=164617"}],"curies":[{"name":"wp","href":"https:\/\/api.w.org\/{rel}","templated":true}]}}