{"id":164620,"date":"2020-04-18T07:00:15","date_gmt":"2020-04-18T10:00:15","guid":{"rendered":"http:\/\/www.caririemacao.com\/1\/?p=164620"},"modified":"2020-04-18T07:00:17","modified_gmt":"2020-04-18T10:00:17","slug":"paraiba-ultrapassa-200-casos-confirmados-de-covid-19-informa-secretaria-de-saude","status":"publish","type":"post","link":"https:\/\/www.caririemacao.com\/1\/2020\/04\/18\/paraiba-ultrapassa-200-casos-confirmados-de-covid-19-informa-secretaria-de-saude\/","title":{"rendered":"Para\u00edba ultrapassa 200 casos confirmados de Covid-19, informa Secretaria de Sa\u00fade"},"content":{"rendered":"\n<p>A Secretaria de Sa\u00fade da Para\u00edba informou, nesta sexta-feira (17), que o Estado j\u00e1 chegou a marca de 205 casos confirmados de Covid-19, doen\u00e7a provocada pelo novo coronav\u00edrus.<\/p>\n\n\n\n<p>Dos 205 casos, 90 j\u00e1 se recuperaram, 24 est\u00e3o hospitalizados \u2013 nove deles em leitos de UTI \u2013 e 28 faleceram.<\/p>\n\n\n\n<p>Os demais se recuperam em isolamento domiciliar acompanhados pelas secretarias municipais de sa\u00fade.<\/p>\n\n\n\n<p>Os casos est\u00e3o distribu\u00eddos em 16 munic\u00edpios: Jo\u00e3o Pessoa (148), Santa Rita (17), Campina Grande (8), Cabedelo (8), Bayeux (6), Patos (5), Junco do Serid\u00f3 (3), Pombal (2), Serra Branca (1), Sape (1), Sousa (1), Igaracy (1), Tapero\u00e1 (1), S\u00e3o Jo\u00e3o do Rio do Peixe (1), Riach\u00e3o do Po\u00e7o (1), S\u00e3o Bento (1) .<\/p>\n\n\n\n<p>Os \u00f3bitos confirmados nesta sexta, s\u00e3o:<\/p>\n\n\n\n<p>\u2013 Mulher, 93 anos, residente em Jo\u00e3o Pessoa. Hist\u00f3rico de doen\u00e7a respirat\u00f3ria de base e estava internada em hospital p\u00fablico. \u00d3bito ocorrido ontem (16 de abril);<\/p>\n\n\n\n<p>\u2013 Homem, 57 anos, residente do munic\u00edpio de Riach\u00e3o do Po\u00e7o. Hipertenso, diab\u00e9tico, em tratamento renal e estava internado em hospital p\u00fablico. \u00d3bito ocorrido em do \u00faltimo dia 13 de abril.<\/p>\n\n\n\n<p>No momento, 146 pessoas est\u00e3o internadas com notifica\u00e7\u00e3o de suspeita para Covid-19, sendo 111 em enfermaria (67 p\u00fablico\/ 44 privado) e 35 na UTI (22 p\u00fablico\/ 13 privado).<\/p>\n\n\n\n<p>Os demais casos hospitalizados e com resultado n\u00e3o detect\u00e1vel seguem em investiga\u00e7\u00e3o para demais v\u00edrus.<\/p>\n\n\n\n<p>Importante: Os dados divulgados na \u00faltima quinta-feira (16) sobre interna\u00e7\u00e3o foram complementados.<\/p>\n\n\n\n<p>Segue o dado corrigido de pacientes internados na data de ontem: 135 pacientes internados, 30 em UTI e 105 em enfermaria. Destes, 27 estavam confirmados para Covid-19, nove deles na UTI.<br><\/p>\n","protected":false},"excerpt":{"rendered":"<p>A Secretaria de Sa\u00fade da Para\u00edba informou, nesta sexta-feira (17), que o Estado j\u00e1 chegou a marca de 205 casos confirmados de Covid-19, doen\u00e7a provocada&hellip; <\/p>\n","protected":false},"author":2,"featured_media":164621,"comment_status":"closed","ping_status":"closed","sticky":false,"template":"","format":"standard","meta":{"sfsi_plus_gutenberg_text_before_share":"","sfsi_plus_gutenberg_show_text_before_share":"","sfsi_plus_gutenberg_icon_type":"","sfsi_plus_gutenberg_icon_alignemt":"","sfsi_plus_gutenburg_max_per_row":"","footnotes":""},"categories":[2],"tags":[],"class_list":["post-164620","post","type-post","status-publish","format-standard","has-post-thumbnail","hentry","category-geral"],"_links":{"self":[{"href":"https:\/\/www.caririemacao.com\/1\/wp-json\/wp\/v2\/posts\/164620","targetHints":{"allow":["GET"]}}],"collection":[{"href":"https:\/\/www.caririemacao.com\/1\/wp-json\/wp\/v2\/posts"}],"about":[{"href":"https:\/\/www.caririemacao.com\/1\/wp-json\/wp\/v2\/types\/post"}],"author":[{"embeddable":true,"href":"https:\/\/www.caririemacao.com\/1\/wp-json\/wp\/v2\/users\/2"}],"replies":[{"embeddable":true,"href":"https:\/\/www.caririemacao.com\/1\/wp-json\/wp\/v2\/comments?post=164620"}],"version-history":[{"count":1,"href":"https:\/\/www.caririemacao.com\/1\/wp-json\/wp\/v2\/posts\/164620\/revisions"}],"predecessor-version":[{"id":164622,"href":"https:\/\/www.caririemacao.com\/1\/wp-json\/wp\/v2\/posts\/164620\/revisions\/164622"}],"wp:featuredmedia":[{"embeddable":true,"href":"https:\/\/www.caririemacao.com\/1\/wp-json\/wp\/v2\/media\/164621"}],"wp:attachment":[{"href":"https:\/\/www.caririemacao.com\/1\/wp-json\/wp\/v2\/media?parent=164620"}],"wp:term":[{"taxonomy":"category","embeddable":true,"href":"https:\/\/www.caririemacao.com\/1\/wp-json\/wp\/v2\/categories?post=164620"},{"taxonomy":"post_tag","embeddable":true,"href":"https:\/\/www.caririemacao.com\/1\/wp-json\/wp\/v2\/tags?post=164620"}],"curies":[{"name":"wp","href":"https:\/\/api.w.org\/{rel}","templated":true}]}}