{"id":164624,"date":"2020-04-18T07:03:45","date_gmt":"2020-04-18T10:03:45","guid":{"rendered":"http:\/\/www.caririemacao.com\/1\/?p=164624"},"modified":"2020-04-18T07:03:47","modified_gmt":"2020-04-18T10:03:47","slug":"prefeito-romero-recua-e-mantem-comercio-de-campina-grande-fechado","status":"publish","type":"post","link":"https:\/\/www.caririemacao.com\/1\/2020\/04\/18\/prefeito-romero-recua-e-mantem-comercio-de-campina-grande-fechado\/","title":{"rendered":"Prefeito Romero recua e mant\u00e9m com\u00e9rcio de Campina Grande fechado"},"content":{"rendered":"\n<p>O prefeito Romero Rodrigues (PSD) decidiu nesta sexta-feira (17) recuar da posi\u00e7\u00e3o de reabrir o com\u00e9rcio de Campina Grande na pr\u00f3xima segunda-feira (20). A rigor, o gestor acata a recomenda\u00e7\u00e3o dos Minist\u00e9rios P\u00fablicos Federal, Estadual e do Trabalho de manter as medidas restritivas como forma de conter a dissemina\u00e7\u00e3o do novo coronav\u00edrus at\u00e9 o pr\u00f3ximo dia 3 por enquanto.<\/p>\n\n\n\n<p>Atrav\u00e9s de of\u00edcio encaminhado aos representantes do MPF, MPPB e MPT, Romero Rodrigues destacou o esfor\u00e7o da Prefeitura de Campina Grande no sentido de preservar a vida e a sa\u00fade das pessoas, reconhecendo ser esta a mesma diretriz que estimula \u00e0queles \u00f3rg\u00e3os de controle a n\u00e3o recomendar ainda a implementa\u00e7\u00e3o do plano do Munic\u00edpio para uma abertura gradual, experimental e sob controle do setor comercial, que estava projetada para a pr\u00f3xima segunda-feira, 20.<\/p>\n\n\n\n<p>Romero Rodrigues deixou claro que continuar\u00e1 a se empenhar no sentido de avan\u00e7ar, com apoio e parceria dos Minist\u00e9rios P\u00fablicos, rumo a um caminho seguro e eficaz para a reabertura das atividades econ\u00f4micas em Campina Grande, j\u00e1 que entende ser tamb\u00e9m a preserva\u00e7\u00e3o dos empregos uma responsabilidade imperiosa tamb\u00e9m para os gestores. O prefeito campinense fez quest\u00e3o de ressaltar a import\u00e2ncia estrat\u00e9gica e hist\u00f3rica dos segmentos comercial e de servi\u00e7os para Campina Grande, lembrando que, em 2019, segundo dados do Minist\u00e9rio do Trabalho e Emprego, os setores foram respons\u00e1veis por mais de 65% dos empregos formais na cidade.<\/p>\n\n\n\n<p><em>Mais PB<\/em><\/p>\n","protected":false},"excerpt":{"rendered":"<p>O prefeito Romero Rodrigues (PSD) decidiu nesta sexta-feira (17) recuar da posi\u00e7\u00e3o de reabrir o com\u00e9rcio de Campina Grande na pr\u00f3xima segunda-feira (20). A rigor,&hellip; <\/p>\n","protected":false},"author":2,"featured_media":164625,"comment_status":"closed","ping_status":"closed","sticky":false,"template":"","format":"standard","meta":{"sfsi_plus_gutenberg_text_before_share":"","sfsi_plus_gutenberg_show_text_before_share":"","sfsi_plus_gutenberg_icon_type":"","sfsi_plus_gutenberg_icon_alignemt":"","sfsi_plus_gutenburg_max_per_row":"","footnotes":""},"categories":[50,2],"tags":[],"class_list":["post-164624","post","type-post","status-publish","format-standard","has-post-thumbnail","hentry","category-destaque","category-geral"],"_links":{"self":[{"href":"https:\/\/www.caririemacao.com\/1\/wp-json\/wp\/v2\/posts\/164624","targetHints":{"allow":["GET"]}}],"collection":[{"href":"https:\/\/www.caririemacao.com\/1\/wp-json\/wp\/v2\/posts"}],"about":[{"href":"https:\/\/www.caririemacao.com\/1\/wp-json\/wp\/v2\/types\/post"}],"author":[{"embeddable":true,"href":"https:\/\/www.caririemacao.com\/1\/wp-json\/wp\/v2\/users\/2"}],"replies":[{"embeddable":true,"href":"https:\/\/www.caririemacao.com\/1\/wp-json\/wp\/v2\/comments?post=164624"}],"version-history":[{"count":1,"href":"https:\/\/www.caririemacao.com\/1\/wp-json\/wp\/v2\/posts\/164624\/revisions"}],"predecessor-version":[{"id":164626,"href":"https:\/\/www.caririemacao.com\/1\/wp-json\/wp\/v2\/posts\/164624\/revisions\/164626"}],"wp:featuredmedia":[{"embeddable":true,"href":"https:\/\/www.caririemacao.com\/1\/wp-json\/wp\/v2\/media\/164625"}],"wp:attachment":[{"href":"https:\/\/www.caririemacao.com\/1\/wp-json\/wp\/v2\/media?parent=164624"}],"wp:term":[{"taxonomy":"category","embeddable":true,"href":"https:\/\/www.caririemacao.com\/1\/wp-json\/wp\/v2\/categories?post=164624"},{"taxonomy":"post_tag","embeddable":true,"href":"https:\/\/www.caririemacao.com\/1\/wp-json\/wp\/v2\/tags?post=164624"}],"curies":[{"name":"wp","href":"https:\/\/api.w.org\/{rel}","templated":true}]}}