{"id":164629,"date":"2020-04-18T07:05:47","date_gmt":"2020-04-18T10:05:47","guid":{"rendered":"http:\/\/www.caririemacao.com\/1\/?p=164629"},"modified":"2020-04-18T19:28:21","modified_gmt":"2020-04-18T22:28:21","slug":"cidade-do-cariri-oferta-bolsas-de-estagio-de-r-600-e-inscricoes-iniciam-na-proxima-segunda-feira","status":"publish","type":"post","link":"https:\/\/www.caririemacao.com\/1\/2020\/04\/18\/cidade-do-cariri-oferta-bolsas-de-estagio-de-r-600-e-inscricoes-iniciam-na-proxima-segunda-feira\/","title":{"rendered":"Cidade do Cariri oferta bolsas de est\u00e1gio de R$ 600 e inscri\u00e7\u00f5es iniciam na pr\u00f3xima segunda-feira"},"content":{"rendered":"\n<p>O sonho do est\u00e1gio pode virar realidade para estudantes do ensino m\u00e9dio da cidade de Monteiro. \u00c9 que nesta segunda-feira (20), a secretaria de Desenvolvimento Social iniciar\u00e1 as&nbsp;inscri\u00e7\u00f5es&nbsp;das bolsas de est\u00e1gio oferecidas pelo Banco do Nordeste.<\/p>\n\n\n\n<p>Os interessados nas vagas cumprir\u00e3o uma jornada de um turno que ser\u00e1 das 09:00 \u00e0s 13:00 e a bolsa aux\u00edlio \u00e9 no valor de R$ 500,00 mensais com o incremento de R$ 100,00 de aux\u00edlio transporte, tamb\u00e9m oferecidos mensalmente.<\/p>\n\n\n\n<p>As inscri\u00e7\u00f5es ser\u00e3o feitas na Secretaria de Desenvolvimento Social da cidade a partir da pr\u00f3xima segunda-feira, 20 e acontecem at\u00e9 a quarta-feira 22. \u00c9 necess\u00e1rio que o estudante leve seu curr\u00edculo e documenta\u00e7\u00e3o.<\/p>\n\n\n\n<p>Para se candidatar as vagas \u00e9 necess\u00e1rio cumprir os seguintes requisitos:<\/p>\n\n\n\n<p>\u2022&nbsp;<strong>Ter no m\u00ednimo 16 anos;<\/strong><br><strong>\u2022 Estudar, sem exce\u00e7\u00e3o, o 2\u00ba ano do ensino m\u00e9dio;<\/strong><br><strong>\u2022 Ter as notas do 1\u00b0 ano iguais ou superiores a m\u00e9dio 06.<\/strong><\/p>\n","protected":false},"excerpt":{"rendered":"<p>O sonho do est\u00e1gio pode virar realidade para estudantes do ensino m\u00e9dio da cidade de Monteiro. \u00c9 que nesta segunda-feira (20), a secretaria de Desenvolvimento&hellip; <\/p>\n","protected":false},"author":2,"featured_media":164630,"comment_status":"closed","ping_status":"closed","sticky":false,"template":"","format":"standard","meta":{"sfsi_plus_gutenberg_text_before_share":"","sfsi_plus_gutenberg_show_text_before_share":"","sfsi_plus_gutenberg_icon_type":"","sfsi_plus_gutenberg_icon_alignemt":"","sfsi_plus_gutenburg_max_per_row":"","footnotes":""},"categories":[2],"tags":[],"class_list":["post-164629","post","type-post","status-publish","format-standard","has-post-thumbnail","hentry","category-geral"],"_links":{"self":[{"href":"https:\/\/www.caririemacao.com\/1\/wp-json\/wp\/v2\/posts\/164629","targetHints":{"allow":["GET"]}}],"collection":[{"href":"https:\/\/www.caririemacao.com\/1\/wp-json\/wp\/v2\/posts"}],"about":[{"href":"https:\/\/www.caririemacao.com\/1\/wp-json\/wp\/v2\/types\/post"}],"author":[{"embeddable":true,"href":"https:\/\/www.caririemacao.com\/1\/wp-json\/wp\/v2\/users\/2"}],"replies":[{"embeddable":true,"href":"https:\/\/www.caririemacao.com\/1\/wp-json\/wp\/v2\/comments?post=164629"}],"version-history":[{"count":3,"href":"https:\/\/www.caririemacao.com\/1\/wp-json\/wp\/v2\/posts\/164629\/revisions"}],"predecessor-version":[{"id":164778,"href":"https:\/\/www.caririemacao.com\/1\/wp-json\/wp\/v2\/posts\/164629\/revisions\/164778"}],"wp:featuredmedia":[{"embeddable":true,"href":"https:\/\/www.caririemacao.com\/1\/wp-json\/wp\/v2\/media\/164630"}],"wp:attachment":[{"href":"https:\/\/www.caririemacao.com\/1\/wp-json\/wp\/v2\/media?parent=164629"}],"wp:term":[{"taxonomy":"category","embeddable":true,"href":"https:\/\/www.caririemacao.com\/1\/wp-json\/wp\/v2\/categories?post=164629"},{"taxonomy":"post_tag","embeddable":true,"href":"https:\/\/www.caririemacao.com\/1\/wp-json\/wp\/v2\/tags?post=164629"}],"curies":[{"name":"wp","href":"https:\/\/api.w.org\/{rel}","templated":true}]}}