{"id":164634,"date":"2020-04-18T07:08:31","date_gmt":"2020-04-18T10:08:31","guid":{"rendered":"http:\/\/www.caririemacao.com\/1\/?p=164634"},"modified":"2020-04-18T07:08:33","modified_gmt":"2020-04-18T10:08:33","slug":"agricultor-tem-moto-tomada-por-assalto-na-cidade-de-gurjao","status":"publish","type":"post","link":"https:\/\/www.caririemacao.com\/1\/2020\/04\/18\/agricultor-tem-moto-tomada-por-assalto-na-cidade-de-gurjao\/","title":{"rendered":"Agricultor tem moto tomada por assalto na cidade de Gurj\u00e3o"},"content":{"rendered":"\n<p>No in\u00edcio da manh\u00e3 desta sexta-feira(17), por volta de 5:30h, o agricultor Irenaldo Garcia, da cidade de Gurj\u00e3o, teve a sua motocicleta tomada por assalto por uma dupla de criminosos.<\/p>\n\n\n\n<p>Segundo informa\u00e7\u00f5es chegadas at\u00e9 nossa reportagem, o gurj\u00e3oense Irenaldo Garcia estava se deslocando da cidade at\u00e9 o seu ro\u00e7ado, que fica localizado na sa\u00edda de Gurj\u00e3o para Santo Andr\u00e9, quando no meio do trajeto foi abordado por dois homens a p\u00e9 e munidos de uma arma de fogo e um peda\u00e7o de madeira.<\/p>\n\n\n\n<p>Os assaltantes obrigaram o agricultor descer da moto (modelo Titan 125 cor preta) e ainda amea\u00e7aram direcionando o rev\u00f3lver sobre a sua cabe\u00e7a. Antes de sa\u00edrem em fuga, os criminosos falaram para a v\u00edtima que ia abandonar a motocicleta posteriormente.<\/p>\n\n\n\n<p>Os bandidos estavam usando m\u00e1scaras de prote\u00e7\u00e3o da pandemia e empreenderam fuga se deslocando para a cidade de Gurj\u00e3o.<\/p>\n\n\n\n<p>A Pol\u00edcia Militar foi acionada e faz dilig\u00eancias pela regi\u00e3o na tentativa de capturar os criminosos.<\/p>\n\n\n\n<p><strong>De Olho no Cariri<\/strong><\/p>\n","protected":false},"excerpt":{"rendered":"<p>No in\u00edcio da manh\u00e3 desta sexta-feira(17), por volta de 5:30h, o agricultor Irenaldo Garcia, da cidade de Gurj\u00e3o, teve a sua motocicleta tomada por assalto&hellip; <\/p>\n","protected":false},"author":2,"featured_media":164635,"comment_status":"closed","ping_status":"closed","sticky":false,"template":"","format":"standard","meta":{"sfsi_plus_gutenberg_text_before_share":"","sfsi_plus_gutenberg_show_text_before_share":"","sfsi_plus_gutenberg_icon_type":"","sfsi_plus_gutenberg_icon_alignemt":"","sfsi_plus_gutenburg_max_per_row":"","footnotes":""},"categories":[12],"tags":[],"class_list":["post-164634","post","type-post","status-publish","format-standard","has-post-thumbnail","hentry","category-policia"],"_links":{"self":[{"href":"https:\/\/www.caririemacao.com\/1\/wp-json\/wp\/v2\/posts\/164634","targetHints":{"allow":["GET"]}}],"collection":[{"href":"https:\/\/www.caririemacao.com\/1\/wp-json\/wp\/v2\/posts"}],"about":[{"href":"https:\/\/www.caririemacao.com\/1\/wp-json\/wp\/v2\/types\/post"}],"author":[{"embeddable":true,"href":"https:\/\/www.caririemacao.com\/1\/wp-json\/wp\/v2\/users\/2"}],"replies":[{"embeddable":true,"href":"https:\/\/www.caririemacao.com\/1\/wp-json\/wp\/v2\/comments?post=164634"}],"version-history":[{"count":1,"href":"https:\/\/www.caririemacao.com\/1\/wp-json\/wp\/v2\/posts\/164634\/revisions"}],"predecessor-version":[{"id":164636,"href":"https:\/\/www.caririemacao.com\/1\/wp-json\/wp\/v2\/posts\/164634\/revisions\/164636"}],"wp:featuredmedia":[{"embeddable":true,"href":"https:\/\/www.caririemacao.com\/1\/wp-json\/wp\/v2\/media\/164635"}],"wp:attachment":[{"href":"https:\/\/www.caririemacao.com\/1\/wp-json\/wp\/v2\/media?parent=164634"}],"wp:term":[{"taxonomy":"category","embeddable":true,"href":"https:\/\/www.caririemacao.com\/1\/wp-json\/wp\/v2\/categories?post=164634"},{"taxonomy":"post_tag","embeddable":true,"href":"https:\/\/www.caririemacao.com\/1\/wp-json\/wp\/v2\/tags?post=164634"}],"curies":[{"name":"wp","href":"https:\/\/api.w.org\/{rel}","templated":true}]}}